{"id":12517,"date":"2017-12-05T14:09:32","date_gmt":"2017-12-05T13:09:32","guid":{"rendered":"http:\/\/www.messinaoggi.it\/website\/?p=12517"},"modified":"2017-12-05T14:09:32","modified_gmt":"2017-12-05T13:09:32","slug":"faranda-aderisce-a-fratelli-ditalia-torno-a-casa","status":"publish","type":"post","link":"https:\/\/www.messinaoggi.it\/website\/2017\/12\/05\/faranda-aderisce-a-fratelli-ditalia-torno-a-casa\/","title":{"rendered":"Faranda aderisce a Fratelli d&#039;Italia: &quot;Torno a casa&quot;"},"content":{"rendered":"<p style=\"text-align: justify\">Daniela Faranda aderisce a Fratelli d\u2019Italia. La consigliera comunale ha comunicato questa mattina la propria decisione, dunque tra i banchi del Consiglio Comunale andr\u00e0 a far compagnia ad Elvira Amata, fresca di elezione all\u2019Ars ma con tutta l\u2019intenzione di svolgere il doppio ruolo.<div id=\"div-gpt-ad-Messinaoggi.it-DSK-300x250-corpoart\" style=\"text-align:center;margin:0 auto;\"><\/div><\/p>\n<p style=\"text-align: justify\">La Faranda, ai tempi di Alternativa Popolare, non ha mai nascosto il proprio disagio nel sedersi tra i banchi del centrosinistra, fino all\u2019avvenuta rottura durante l\u2019ultima campagna elettorale. A chiudere il cerchio, l\u2019addio di Nino German\u00e0, suo punto di riferimento, ad Alfano, cos\u00ec per la Faranda ha potuto dichiarare il proprio supporto a Nello Musumeci mentre in Consiglio si sono aperte le porte del Gruppo Misto.<div id=\"videoincontent\" style=\"clear:both\";><\/div><\/p>\n<p style=\"text-align: justify\">Almeno fino ad ora, quando ha annunciato di aver aderito al partito guidato da Giorgia Meloni: <em>&#8220;Aderendo a Fratelli d\u2019Italia rinnovo il mio impegno politico nel centrodestra in continuit\u00e0 con la mia storia politica e personale. Dopo l\u2019elezione del presidente Musumeci, che da sempre ho sostenuto condividendone i valori e le prospettive per il rilancio della Sicilia, ho ritenuto di ufficializzare una decisione maturata nel tempo. Ringrazio la collega \u00a0Elvira Amata, l\u2019assessore Pappalardo e i dirigenti del partito che hanno accolto la mia adesione con entusiasmo, certa di poter condividere le battaglie per il nostro territorio\u201d<\/em>.<\/p>\n<p style=\"text-align: justify\">Un\u2019adesione a Fratelli d\u2019Italia che implica per\u00f2 l\u2019addio politico a Nino German\u00e0, a sua volta tornato tra le fila di Forza Italia: <em>\u201cCon lui non c\u2019\u00e8 stato alcun tipo di problema, gli ho comunicato la mia scelta ed \u00e8 stata presa con la massima serenit\u00e0. Per me si tratta di un ritorno a casa esattamente come si \u00e8 trattato per lui\u201d.<\/em><\/p>\n","protected":false},"excerpt":{"rendered":"<p>Daniela Faranda aderisce a Fratelli d\u2019Italia. La consigliera comunale ha comunicato questa mattina la propria decisione, dunque tra i banchi del Consiglio Comunale andr\u00e0 a far compagnia ad Elvira Amata, fresca di elezione all\u2019Ars ma con tutta l\u2019intenzione di svolgere il doppio ruolo. La Faranda, ai tempi di Alternativa Popolare, non ha mai nascosto il [&hellip;]<\/p>\n","protected":false},"author":1,"featured_media":1661,"comment_status":"closed","ping_status":"open","sticky":false,"template":"","format":"standard","meta":{"ub_ctt_via":"","_mi_skip_tracking":false},"categories":[6],"tags":[],"featured_image_src":"https:\/\/www.messinaoggi.it\/website\/wp-content\/uploads\/2017\/06\/Faranda-Daniela-inverno-2.jpg","author_info":{"display_name":"admin@admin.com","author_link":"https:\/\/www.messinaoggi.it\/website\/author\/adminadmin-com\/"},"digistream_id":0,"digistream":false,"_links":{"self":[{"href":"https:\/\/www.messinaoggi.it\/website\/wp-json\/wp\/v2\/posts\/12517"}],"collection":[{"href":"https:\/\/www.messinaoggi.it\/website\/wp-json\/wp\/v2\/posts"}],"about":[{"href":"https:\/\/www.messinaoggi.it\/website\/wp-json\/wp\/v2\/types\/post"}],"author":[{"embeddable":true,"href":"https:\/\/www.messinaoggi.it\/website\/wp-json\/wp\/v2\/users\/1"}],"replies":[{"embeddable":true,"href":"https:\/\/www.messinaoggi.it\/website\/wp-json\/wp\/v2\/comments?post=12517"}],"version-history":[{"count":0,"href":"https:\/\/www.messinaoggi.it\/website\/wp-json\/wp\/v2\/posts\/12517\/revisions"}],"wp:featuredmedia":[{"embeddable":true,"href":"https:\/\/www.messinaoggi.it\/website\/wp-json\/wp\/v2\/media\/1661"}],"wp:attachment":[{"href":"https:\/\/www.messinaoggi.it\/website\/wp-json\/wp\/v2\/media?parent=12517"}],"wp:term":[{"taxonomy":"category","embeddable":true,"href":"https:\/\/www.messinaoggi.it\/website\/wp-json\/wp\/v2\/categories?post=12517"},{"taxonomy":"post_tag","embeddable":true,"href":"https:\/\/www.messinaoggi.it\/website\/wp-json\/wp\/v2\/tags?post=12517"}],"curies":[{"name":"wp","href":"https:\/\/api.w.org\/{rel}","templated":true}]}}