{"id":125055,"date":"2022-10-10T12:29:08","date_gmt":"2022-10-10T10:29:08","guid":{"rendered":"http:\/\/www.messinaoggi.it\/website\/?p=125055"},"modified":"2022-10-10T12:29:09","modified_gmt":"2022-10-10T10:29:09","slug":"anniversario-salvatore-ada-uil-lo-ricorda","status":"publish","type":"post","link":"https:\/\/www.messinaoggi.it\/website\/2022\/10\/10\/anniversario-salvatore-ada-uil-lo-ricorda\/","title":{"rendered":"Anniversario Salvatore Ada, Uil lo ricorda"},"content":{"rendered":"\n<p>L\u2019estremo sacrifico dello sfortunato <strong>Salvatore Ada, <\/strong>operaio della Toto costruzioni e delegato della Feneal Uil, caduto sul lavoro presso il cantiere del Viadotto Ritiro il 12 ottobre 2021, non pu\u00f2 essere assolutamente dimenticato.<div id=\"div-gpt-ad-Messinaoggi.it-DSK-300x250-corpoart\" style=\"text-align:center;margin:0 auto;\"><\/div><\/p>\n\n\n\n<p><br>La Uil Messina intende ricordare questa triste ricorrenza per rilanciare con forza e determinazione il tema della sicurezza sul lavoro.<br>Una questione che, ogni giorno di pi\u00f9, sta assumendo i contorni di un\u2019emergenza democratica che investe l\u2019intero Paese come evidenziato dalle recentissime parole del Capo dello Stato Sergio Mattarella.<div id=\"videoincontent\" style=\"clear:both\";><\/div><\/p>\n\n\n\n<p><br>E\u2019 inammissibile dovere registrare, alla stregua di un bollettino di guerra, l\u2019impressionante quotidiana contabilit\u00e0 relativa ad un numero inarrestabile di innocenti lavoratori caduti sul lavoro: nei primi 8 mesi del 2022 sono morti 677 innocenti, con una media di quasi tre vittime al giorno.<br>Ecco perch\u00e9 \u00e8 indispensabile sotto ogni profilo rilanciare con sempre maggior vigore la campagna nazionale della Uil denominata \u201cZero Morti sul Lavoro\u201d.<\/p>\n\n\n\n<p><br>In questo quadro, mercoled\u00ec 12 ottobre alle ore 10.00, presso i locali della Uil Messina siti in Viale San Martino 146, si svolger\u00e0 una cerimonia commemorativa di Salvatore Ada che sar\u00e0 aperta dall\u2019intervento di Ivan Tripodi, segretario generale della Uil Messina, e alla quale parteciperanno la mamma Adelina, le sorelle e altri familiari dell\u2019operaio scomparso.<\/p>\n\n\n\n<p><br>Il doveroso ricordo della vita spezzata di Salvatore, che \u00e8 uscito di casa per andare a lavorare e non vi ha fatto pi\u00f9 ritorno, e la solidariet\u00e0 e vicinanza ad una famiglia distrutta dal dolore devono essere un monito sferzante nei confronti delle Istituzioni perch\u00e9 si metta fine a questa indecente mattanza.<\/p>\n\n\n\n<p><\/p>\n","protected":false},"excerpt":{"rendered":"<p>L\u2019estremo sacrifico dello sfortunato Salvatore Ada, operaio della Toto costruzioni e delegato della Feneal Uil, caduto sul lavoro presso il cantiere del Viadotto Ritiro il 12 ottobre 2021, non pu\u00f2 essere assolutamente dimenticato. La Uil Messina intende ricordare questa triste ricorrenza per rilanciare con forza e determinazione il tema della sicurezza sul lavoro.Una questione che, [&hellip;]<\/p>\n","protected":false},"author":8,"featured_media":125056,"comment_status":"open","ping_status":"open","sticky":false,"template":"","format":"standard","meta":{"ub_ctt_via":"","_mi_skip_tracking":false},"categories":[5],"tags":[],"featured_image_src":"https:\/\/www.messinaoggi.it\/website\/wp-content\/uploads\/2022\/10\/Salvatore-Ada.png","author_info":{"display_name":"red..me","author_link":"https:\/\/www.messinaoggi.it\/website\/author\/redstage\/"},"digistream_id":0,"digistream":false,"_links":{"self":[{"href":"https:\/\/www.messinaoggi.it\/website\/wp-json\/wp\/v2\/posts\/125055"}],"collection":[{"href":"https:\/\/www.messinaoggi.it\/website\/wp-json\/wp\/v2\/posts"}],"about":[{"href":"https:\/\/www.messinaoggi.it\/website\/wp-json\/wp\/v2\/types\/post"}],"author":[{"embeddable":true,"href":"https:\/\/www.messinaoggi.it\/website\/wp-json\/wp\/v2\/users\/8"}],"replies":[{"embeddable":true,"href":"https:\/\/www.messinaoggi.it\/website\/wp-json\/wp\/v2\/comments?post=125055"}],"version-history":[{"count":1,"href":"https:\/\/www.messinaoggi.it\/website\/wp-json\/wp\/v2\/posts\/125055\/revisions"}],"predecessor-version":[{"id":125057,"href":"https:\/\/www.messinaoggi.it\/website\/wp-json\/wp\/v2\/posts\/125055\/revisions\/125057"}],"wp:featuredmedia":[{"embeddable":true,"href":"https:\/\/www.messinaoggi.it\/website\/wp-json\/wp\/v2\/media\/125056"}],"wp:attachment":[{"href":"https:\/\/www.messinaoggi.it\/website\/wp-json\/wp\/v2\/media?parent=125055"}],"wp:term":[{"taxonomy":"category","embeddable":true,"href":"https:\/\/www.messinaoggi.it\/website\/wp-json\/wp\/v2\/categories?post=125055"},{"taxonomy":"post_tag","embeddable":true,"href":"https:\/\/www.messinaoggi.it\/website\/wp-json\/wp\/v2\/tags?post=125055"}],"curies":[{"name":"wp","href":"https:\/\/api.w.org\/{rel}","templated":true}]}}