{"id":124962,"date":"2022-10-09T08:25:34","date_gmt":"2022-10-09T06:25:34","guid":{"rendered":"http:\/\/www.messinaoggi.it\/website\/?p=124962"},"modified":"2022-10-09T08:38:15","modified_gmt":"2022-10-09T06:38:15","slug":"il-ciclismo-sinchina-a-nibali-re-dalla-triplice-cronaca","status":"publish","type":"post","link":"https:\/\/www.messinaoggi.it\/website\/2022\/10\/09\/il-ciclismo-sinchina-a-nibali-re-dalla-triplice-cronaca\/","title":{"rendered":"Il ciclismo s&#8217;inchina a Nibali, &#8220;re&#8221; dalla triplice corona"},"content":{"rendered":"\n<p>Il Giro di Lombardia, vinto da Tadej Pogacar,  \u00e8 stato il passo d&#8217;addio di Vincenzo Nibali all&#8217;attivit\u00e0 agonistica. Lo Squalo dello Stretto ha concluso al 24\/o posto, a 2&#8217;17&#8221; da Pogacar. Meglio del campione originario di Messina ha fatto lo spagnolo Alejandro Valverde, ex iridato e anche lui al passo d&#8217;addio, che si \u00e8 piazzato in sesta posizione. <div id=\"div-gpt-ad-Messinaoggi.it-DSK-300x250-corpoart\" style=\"text-align:center;margin:0 auto;\"><\/div><\/p>\n\n\n\n<p>Vincenzo Nibali conclude una straordinaria carriera durante la quale \u00e8 diventato il miglior ciclista italiano di questo secolo e uno dei migliori di sempre. Nibali \u00e8 uno dei sette corridori, l\u2019unico italiano dopo Felice Gimondi, ad aver completato la cosiddetta tripla corona, che spetta a chi vince Vuelta di Spagna, Giro d\u2019Italia e Tour de France, i tre grandi giri a tappe. A questi, Nibali ha aggiunto le vittorie di tre cosiddette \u201cclassiche monumento\u201d: due Giri di Lombardia e una Milano-Sanremo.<div id=\"videoincontent\" style=\"clear:both\";><\/div><\/p>\n\n\n\n<p>Il numero delle vittorie (52) e la qualit\u00e0 di molte di esse \u00e8 per\u00f2 solo una parte di quel che Nibali \u00e8 stato per il ciclismo. Anzitutto, Nibali ha saputo diventare il punto di riferimento del ciclismo italiano dopo Marco Pantani, che mor\u00ec nel 2004, un anno prima che lui diventasse professionista<\/p>\n","protected":false},"excerpt":{"rendered":"<p>Il Giro di Lombardia, vinto da Tadej Pogacar, \u00e8 stato il passo d&#8217;addio di Vincenzo Nibali all&#8217;attivit\u00e0 agonistica. Lo Squalo dello Stretto ha concluso al 24\/o posto, a 2&#8217;17&#8221; da Pogacar. Meglio del campione originario di Messina ha fatto lo spagnolo Alejandro Valverde, ex iridato e anche lui al passo d&#8217;addio, che si \u00e8 piazzato [&hellip;]<\/p>\n","protected":false},"author":4,"featured_media":35480,"comment_status":"open","ping_status":"open","sticky":false,"template":"","format":"standard","meta":{"ub_ctt_via":"","_mi_skip_tracking":false},"categories":[19],"tags":[366],"featured_image_src":"https:\/\/www.messinaoggi.it\/website\/wp-content\/uploads\/2019\/07\/Vincenzo-Nibali.jpg","author_info":{"display_name":"redme","author_link":"https:\/\/www.messinaoggi.it\/website\/author\/redme\/"},"digistream_id":0,"digistream":false,"_links":{"self":[{"href":"https:\/\/www.messinaoggi.it\/website\/wp-json\/wp\/v2\/posts\/124962"}],"collection":[{"href":"https:\/\/www.messinaoggi.it\/website\/wp-json\/wp\/v2\/posts"}],"about":[{"href":"https:\/\/www.messinaoggi.it\/website\/wp-json\/wp\/v2\/types\/post"}],"author":[{"embeddable":true,"href":"https:\/\/www.messinaoggi.it\/website\/wp-json\/wp\/v2\/users\/4"}],"replies":[{"embeddable":true,"href":"https:\/\/www.messinaoggi.it\/website\/wp-json\/wp\/v2\/comments?post=124962"}],"version-history":[{"count":2,"href":"https:\/\/www.messinaoggi.it\/website\/wp-json\/wp\/v2\/posts\/124962\/revisions"}],"predecessor-version":[{"id":124964,"href":"https:\/\/www.messinaoggi.it\/website\/wp-json\/wp\/v2\/posts\/124962\/revisions\/124964"}],"wp:featuredmedia":[{"embeddable":true,"href":"https:\/\/www.messinaoggi.it\/website\/wp-json\/wp\/v2\/media\/35480"}],"wp:attachment":[{"href":"https:\/\/www.messinaoggi.it\/website\/wp-json\/wp\/v2\/media?parent=124962"}],"wp:term":[{"taxonomy":"category","embeddable":true,"href":"https:\/\/www.messinaoggi.it\/website\/wp-json\/wp\/v2\/categories?post=124962"},{"taxonomy":"post_tag","embeddable":true,"href":"https:\/\/www.messinaoggi.it\/website\/wp-json\/wp\/v2\/tags?post=124962"}],"curies":[{"name":"wp","href":"https:\/\/api.w.org\/{rel}","templated":true}]}}