{"id":124957,"date":"2022-10-09T08:03:27","date_gmt":"2022-10-09T06:03:27","guid":{"rendered":"http:\/\/www.messinaoggi.it\/website\/?p=124957"},"modified":"2022-10-09T08:03:29","modified_gmt":"2022-10-09T06:03:29","slug":"covid-aumentano-i-casi-tra-i-bambini","status":"publish","type":"post","link":"https:\/\/www.messinaoggi.it\/website\/2022\/10\/09\/covid-aumentano-i-casi-tra-i-bambini\/","title":{"rendered":"Covid, aumentano i casi tra i bambini"},"content":{"rendered":"\n<p>Frenano i casi di Coronavirus, ma non nei bimbi in et\u00e0 scolare dove si registra un nuovo incremento. E&#8217; questo il quadro epidemiologico, in chiaroscuro, che emerge dai dati sulla pandemia diffusi dal ministero della Salute e dal report dell&#8217;Istituto superiore di Sanit\u00e0, che certifica la diffusione al 100% della variante Omicron in Italia con una fortissima dominanza della &#8220;versione 5&#8221;.<br>Solo quattro province in crescita accelerata (Sondrio, Aosta, Sassari e Vibo Valentia); rispetto alla settimana scorsa frena Messina che aveva fatto registrare un incremento di nuovi positivi, ma che adesso sembra tornata a livelli normali, cos\u00ec come le altre province siciliane.<br>Mentre il virus regredisce tra gli adulti si contrappone l&#8217;incremento dei casi di Covid-19 in et\u00e0 scolare ad un mese dal ritorno sui banchi. Secondo il report esteso dell&#8217;Iss, rispetto alla scorsa settimana, cresce la percentuale dei casi segnalati nella popolazione in et\u00e0 scolare rispetto al resto della popolazione (dal 14,9% si passa infatti al 17,5%).<br>&#8220;Siamo comunque ottimisti perch\u00e9 l&#8217;Italia ha una grande immunit\u00e0 ibrida data dalle vaccinazioni e dal contagio &#8211; ha spiegato Francesco Vaia, direttore generale dell&#8217;Istituto Nazionale Malattie Infettive Spallanzani di Roma &#8211; Faccio un appello al nuovo governo &#8211; ha aggiunto &#8211; perch\u00e9 metta come priorit\u00e0 tra i suoi obiettivi quello di occuparsi della ventilazione meccanica nei luoghi della socialit\u00e0, come scuole, trasporti, cinema o teatri&#8221;.<div id=\"div-gpt-ad-Messinaoggi.it-DSK-300x250-corpoart\" style=\"text-align:center;margin:0 auto;\"><\/div><\/p>\n<div id=\"videoincontent\" style=\"clear:both\";><\/div>","protected":false},"excerpt":{"rendered":"<p>Frenano i casi di Coronavirus, ma non nei bimbi in et\u00e0 scolare dove si registra un nuovo incremento. E&#8217; questo il quadro epidemiologico, in chiaroscuro, che emerge dai dati sulla pandemia diffusi dal ministero della Salute e dal report dell&#8217;Istituto superiore di Sanit\u00e0, che certifica la diffusione al 100% della variante Omicron in Italia con [&hellip;]<\/p>\n","protected":false},"author":4,"featured_media":47524,"comment_status":"open","ping_status":"open","sticky":false,"template":"","format":"standard","meta":{"ub_ctt_via":"","_mi_skip_tracking":false},"categories":[221],"tags":[],"featured_image_src":"https:\/\/www.messinaoggi.it\/website\/wp-content\/uploads\/2020\/09\/A8A57862-135D-4CA4-8078-01B342EED23C.jpeg","author_info":{"display_name":"redme","author_link":"https:\/\/www.messinaoggi.it\/website\/author\/redme\/"},"digistream_id":0,"digistream":false,"_links":{"self":[{"href":"https:\/\/www.messinaoggi.it\/website\/wp-json\/wp\/v2\/posts\/124957"}],"collection":[{"href":"https:\/\/www.messinaoggi.it\/website\/wp-json\/wp\/v2\/posts"}],"about":[{"href":"https:\/\/www.messinaoggi.it\/website\/wp-json\/wp\/v2\/types\/post"}],"author":[{"embeddable":true,"href":"https:\/\/www.messinaoggi.it\/website\/wp-json\/wp\/v2\/users\/4"}],"replies":[{"embeddable":true,"href":"https:\/\/www.messinaoggi.it\/website\/wp-json\/wp\/v2\/comments?post=124957"}],"version-history":[{"count":1,"href":"https:\/\/www.messinaoggi.it\/website\/wp-json\/wp\/v2\/posts\/124957\/revisions"}],"predecessor-version":[{"id":124958,"href":"https:\/\/www.messinaoggi.it\/website\/wp-json\/wp\/v2\/posts\/124957\/revisions\/124958"}],"wp:featuredmedia":[{"embeddable":true,"href":"https:\/\/www.messinaoggi.it\/website\/wp-json\/wp\/v2\/media\/47524"}],"wp:attachment":[{"href":"https:\/\/www.messinaoggi.it\/website\/wp-json\/wp\/v2\/media?parent=124957"}],"wp:term":[{"taxonomy":"category","embeddable":true,"href":"https:\/\/www.messinaoggi.it\/website\/wp-json\/wp\/v2\/categories?post=124957"},{"taxonomy":"post_tag","embeddable":true,"href":"https:\/\/www.messinaoggi.it\/website\/wp-json\/wp\/v2\/tags?post=124957"}],"curies":[{"name":"wp","href":"https:\/\/api.w.org\/{rel}","templated":true}]}}