{"id":12488,"date":"2017-12-05T10:39:45","date_gmt":"2017-12-05T09:39:45","guid":{"rendered":"http:\/\/www.messinaoggi.it\/website\/?p=12488"},"modified":"2017-12-05T10:39:45","modified_gmt":"2017-12-05T09:39:45","slug":"caso-vullo-uil-fpl-e-anaao-assomed-chiedono-a-musumeci-di-revocare-lincarico","status":"publish","type":"post","link":"https:\/\/www.messinaoggi.it\/website\/2017\/12\/05\/caso-vullo-uil-fpl-e-anaao-assomed-chiedono-a-musumeci-di-revocare-lincarico\/","title":{"rendered":"Caso-Vullo, Uil-Fpl e Anaao-Assomed chiedono a Musumeci di revocare l&#039;incarico"},"content":{"rendered":"<p class=\"p1\"><span class=\"s1\">Nuovo affondo di Uil-Fpl Messina e Anaao-Assomed regionale. I rispettivi segretari hanno scritto una lettera aperta al nuovo governatore Nello Musumeci invitandolo a revocare l\u2019incarico di commissario straordinario del Policlinico di Messina poich\u00e9 il manager non avrebbe maturato i titoli. \u201cConoscendo i suoi trascorsi di grande moralit\u00e0 e correttezza le chiediamo nella qualit\u00e0 di interprete principale del ruolo di garante della legalit\u00e0 e trasparenza nella Regione Siciliana di intervenire con urgenza revocando qualsiasi incarico conferito in maniera illegittima al dott. Michele Vullo\u201d. E\u2019 quanto si legge, fra l\u2019altro, nel documento spedito al governatore Musumeci, firmato da Pippo Calapi e Mario Macr\u00ec, rispettivamente segretario generale e responsabile Are medica della Uil-Fpl Messina, e da Pietro Pata, segretario regionale Anaao-Assomed.<\/span><div id=\"div-gpt-ad-Messinaoggi.it-DSK-300x250-corpoart\" style=\"text-align:center;margin:0 auto;\"><\/div><\/p>\n<p>Ecco il testo integrale della missiva indirizzata al governatore Nello Musumeci.<br \/>\n<em>&#8220;Le scriventi OO.SS. sono venute a conoscenza che l\u2019Assessore Regionale alla Salute ha convocato nel periodo dal 4 al 18 dicembre c.a. tutti i Direttori Generali-Commissari delle Aziende Sanitarie, Ospedaliere e IRCCS per l\u2019assegnazione del budget anno 2017.<\/em><br \/>\n<em>Non sfugge alla attenzione della S.V. che uno dei Commissari convocati, esattamente il dott. Michele Vullo, in atto Commissario presso l\u2019A.O.U. Policlinico di Messina \u00e8 privo dei requisiti previsti dalla vigente normativa.<\/em><br \/>\n<em>Infatti, come \u00e8 ben noto alla S.V. in data 1 marzo 2017, la Commissione Regionale Antimafia da Ella presieduta ha convocato in audizione i Segretari delle scriventi OO. SS. nelle persone dei dott. M.S. Macr\u00ec, G. Calapai e P. Pata per chiarire le numerose denunzie presentate dagli stessi all\u2019Assessore Regionale alla Salute e al Governatore pro tempore, nonch\u00e9 all\u2019Autorit\u00e0 Giudiziaria in merito alle false dichiarazioni prodotte dal dott. M. Vullo al fine di essere inserito negli elenchi regionali di Direttore Amministrativo nell\u2019anno 2010 e nell\u2019anno 2011 di direttore generale.<\/em><br \/>\n<em>Nel corso della predetta audizione, il deputato On.le Stefano Zito del M5S, componente della succitata Commissione, ha esibito dei documenti ottenuti su propria specifica richiesta dall\u2019A.O. S. Elia di Caltanissetta, in merito ai periodi di aspettativa senza assegni concessi al dipendente Michele Vullo, infermiere Categoria D con rapporto di lavoro a tempo indeterminato per ricoprire dal 2002 al 2005 incarichi di Consulente CO.CO.CO. presso l\u2019AOOR Santobono-Pausilipon di Napoli, attestanti in maniera inequivocabile che il dott. M. Vullo non ha mai ricoperto l\u2019incarico di Direttore di Struttura Complessa e in seguito di Direttore di Dipartimento presso la predetta azienda ospedaliera, cos\u00ec come da lui invece dichiarato nei curriculum vitae prodotti per l\u2019inserimento negli elenchi regionali.<\/em><br \/>\n<em>Sig. Governatore, purtroppo, in conseguenza dell\u2019esibizione dei documenti da parte dell\u2019On.le Zito la S.V. ha ritirato la documentazione fornita alle Scriventi OO.SS. secretando nel contempo l\u2019audizione che a tutt\u2019oggi \u00e8 rimasta priva di definizione nel merito.<\/em><br \/>\n<em>E\u2019 stato per\u00f2 contestualmente chiarito, in pi\u00f9 occasioni, dalle scriventi OO.SS. che l\u2019esistenza di un mendacio iniziale determina la decadenza di tutti i benefici medio-tempore eventualmente acquisiti e che, nessuna sanatoria o acquisizione successiva pu\u00f2 essere determinata sulla base di una condizione iniziale basata su una nullit\u00e0 assoluta e radicale.<\/em><br \/>\n<em>Pertanto, per quanto sopra, le scriventi OO.SS. conoscendo i Suoi trascorsi di grande moralit\u00e0 e correttezza chiedono alla S.V. nella qualit\u00e0 di interprete principale del ruolo di garante della legalit\u00e0 e trasparenza nella Regione Siciliana di intervenire con urgenza revocando qualsiasi incarico conferito in maniera illegittima al dr. Michele Vullo&#8221;.<\/em><div id=\"videoincontent\" style=\"clear:both\";><\/div><\/p>\n","protected":false},"excerpt":{"rendered":"<p>Nuovo affondo di Uil-Fpl Messina e Anaao-Assomed regionale. I rispettivi segretari hanno scritto una lettera aperta al nuovo governatore Nello Musumeci invitandolo a revocare l\u2019incarico di commissario straordinario del Policlinico di Messina poich\u00e9 il manager non avrebbe maturato i titoli. \u201cConoscendo i suoi trascorsi di grande moralit\u00e0 e correttezza le chiediamo nella qualit\u00e0 di interprete [&hellip;]<\/p>\n","protected":false},"author":2,"featured_media":9734,"comment_status":"closed","ping_status":"open","sticky":false,"template":"","format":"standard","meta":{"ub_ctt_via":"","_mi_skip_tracking":false},"categories":[6],"tags":[],"featured_image_src":"https:\/\/www.messinaoggi.it\/website\/wp-content\/uploads\/2017\/10\/vulloRRP_0441.jpg","author_info":{"display_name":"Redazione","author_link":"https:\/\/www.messinaoggi.it\/website\/author\/redazione\/"},"digistream_id":0,"digistream":false,"_links":{"self":[{"href":"https:\/\/www.messinaoggi.it\/website\/wp-json\/wp\/v2\/posts\/12488"}],"collection":[{"href":"https:\/\/www.messinaoggi.it\/website\/wp-json\/wp\/v2\/posts"}],"about":[{"href":"https:\/\/www.messinaoggi.it\/website\/wp-json\/wp\/v2\/types\/post"}],"author":[{"embeddable":true,"href":"https:\/\/www.messinaoggi.it\/website\/wp-json\/wp\/v2\/users\/2"}],"replies":[{"embeddable":true,"href":"https:\/\/www.messinaoggi.it\/website\/wp-json\/wp\/v2\/comments?post=12488"}],"version-history":[{"count":0,"href":"https:\/\/www.messinaoggi.it\/website\/wp-json\/wp\/v2\/posts\/12488\/revisions"}],"wp:featuredmedia":[{"embeddable":true,"href":"https:\/\/www.messinaoggi.it\/website\/wp-json\/wp\/v2\/media\/9734"}],"wp:attachment":[{"href":"https:\/\/www.messinaoggi.it\/website\/wp-json\/wp\/v2\/media?parent=12488"}],"wp:term":[{"taxonomy":"category","embeddable":true,"href":"https:\/\/www.messinaoggi.it\/website\/wp-json\/wp\/v2\/categories?post=12488"},{"taxonomy":"post_tag","embeddable":true,"href":"https:\/\/www.messinaoggi.it\/website\/wp-json\/wp\/v2\/tags?post=12488"}],"curies":[{"name":"wp","href":"https:\/\/api.w.org\/{rel}","templated":true}]}}