{"id":12481,"date":"2017-12-05T10:15:46","date_gmt":"2017-12-05T09:15:46","guid":{"rendered":"http:\/\/www.messinaoggi.it\/website\/?p=12481"},"modified":"2017-12-05T10:15:46","modified_gmt":"2017-12-05T09:15:46","slug":"e-tempo-di-rimboccarsi-le-maniche-taormina-getta-le-basi-in-vista-delle-amministrative","status":"publish","type":"post","link":"https:\/\/www.messinaoggi.it\/website\/2017\/12\/05\/e-tempo-di-rimboccarsi-le-maniche-taormina-getta-le-basi-in-vista-delle-amministrative\/","title":{"rendered":"&quot;\u00c8 tempo di rimboccarsi le maniche&quot;, Taormina getta le basi in vista delle Amministrative"},"content":{"rendered":"<p>Al via i grandi incontri sulle problematiche cittadine in vista dell&#8217;imminente campagna elettorale per il rinnovo dell&#8217;Amministrazione comunale prevista per fine giugno prossimo. Venerd\u00ec 15 dicembre alle 18, presso la sala Duomo, si terr\u00e0 l\u2019incontro-dibattito dal tema: &#8220;\u00c8 tempo di rimboccarsi le maniche&#8221;.<br \/>\nSi tratta di un appuntamento destinato ad affrontare i grandi temi cittadini promosso dal gruppo &#8220;Movimentati per Taormina&#8221;. Ad essere punto di riferimento di questo gruppo sono numerosi personaggi tra cui Rosetta Giordanella (portavoce), Lisa Bachis, Giovanni Raccuia e Cesare Taiana (garante delle regole ma personaggio di spicco della vita politica attuale in aria di candidatura a sindaco vista la sua esperienza anche come commissario liquidatore di Asm), Vincenzo Rao, Claudio De Pasquale, Daniela di Leo, Ezio Carbone, Rosy Salsa ed Alessandro Bachis (quest&#8217;ultimi componenti del nucleo storico del movimento).<br \/>\n&#8220;Al di l\u00e0 dei personalismi, al di l\u00e0 dei nomi, si parler\u00e0 &#8211; dicono i rappresentanti di questo movimento &#8211; dei problemi che bloccano lo sviluppo della citt\u00e0 e soprattutto delle proposte per risolverli. Dopo una breve introduzione, sar\u00e0 data la possibilit\u00e0 a tutti di intervenire ed esprimere le proprie idee, nell\u2019ambito di un confronto aperto, civile e leale.<br \/>\nQuesta \u00e8\u00a0una concreta opportunit\u00e0 per far seguire i fatti alle pur giuste lamentele sul modo di gestire la cosa pubblica e creare una piattaforma civica\u00a0 e\u00a0 programmatica\u00a0 che\u00a0 possa\u00a0 riavvicinare\u00a0 \u00a0i\u00a0 cittadini\u00a0 all\u2019Amministrazione\u00a0\u00a0 della\u00a0\u00a0 citt\u00e0\u00a0\u00a0 e soprattutto programmare il futuro dei nostri figli. Si parler\u00e0 di scuola, dissesto, viabilit\u00e0 e di qualsiasi altro argomento che insieme, si riterr\u00e0 di trattare&#8221;.<br \/>\n<strong>Mauro Romano<\/strong><div id=\"div-gpt-ad-Messinaoggi.it-DSK-300x250-corpoart\" style=\"text-align:center;margin:0 auto;\"><\/div><\/p>\n<div id=\"videoincontent\" style=\"clear:both\";><\/div>","protected":false},"excerpt":{"rendered":"<p>Al via i grandi incontri sulle problematiche cittadine in vista dell&#8217;imminente campagna elettorale per il rinnovo dell&#8217;Amministrazione comunale prevista per fine giugno prossimo. Venerd\u00ec 15 dicembre alle 18, presso la sala Duomo, si terr\u00e0 l\u2019incontro-dibattito dal tema: &#8220;\u00c8 tempo di rimboccarsi le maniche&#8221;. Si tratta di un appuntamento destinato ad affrontare i grandi temi cittadini [&hellip;]<\/p>\n","protected":false},"author":2,"featured_media":7963,"comment_status":"closed","ping_status":"open","sticky":false,"template":"","format":"standard","meta":{"ub_ctt_via":"","_mi_skip_tracking":false},"categories":[3],"tags":[],"featured_image_src":"https:\/\/www.messinaoggi.it\/website\/wp-content\/uploads\/2017\/09\/taormina-corso-umberto-messinaoggiMR-2.jpg","author_info":{"display_name":"Redazione","author_link":"https:\/\/www.messinaoggi.it\/website\/author\/redazione\/"},"digistream_id":0,"digistream":false,"_links":{"self":[{"href":"https:\/\/www.messinaoggi.it\/website\/wp-json\/wp\/v2\/posts\/12481"}],"collection":[{"href":"https:\/\/www.messinaoggi.it\/website\/wp-json\/wp\/v2\/posts"}],"about":[{"href":"https:\/\/www.messinaoggi.it\/website\/wp-json\/wp\/v2\/types\/post"}],"author":[{"embeddable":true,"href":"https:\/\/www.messinaoggi.it\/website\/wp-json\/wp\/v2\/users\/2"}],"replies":[{"embeddable":true,"href":"https:\/\/www.messinaoggi.it\/website\/wp-json\/wp\/v2\/comments?post=12481"}],"version-history":[{"count":0,"href":"https:\/\/www.messinaoggi.it\/website\/wp-json\/wp\/v2\/posts\/12481\/revisions"}],"wp:featuredmedia":[{"embeddable":true,"href":"https:\/\/www.messinaoggi.it\/website\/wp-json\/wp\/v2\/media\/7963"}],"wp:attachment":[{"href":"https:\/\/www.messinaoggi.it\/website\/wp-json\/wp\/v2\/media?parent=12481"}],"wp:term":[{"taxonomy":"category","embeddable":true,"href":"https:\/\/www.messinaoggi.it\/website\/wp-json\/wp\/v2\/categories?post=12481"},{"taxonomy":"post_tag","embeddable":true,"href":"https:\/\/www.messinaoggi.it\/website\/wp-json\/wp\/v2\/tags?post=12481"}],"curies":[{"name":"wp","href":"https:\/\/api.w.org\/{rel}","templated":true}]}}