{"id":124802,"date":"2022-10-07T15:47:51","date_gmt":"2022-10-07T13:47:51","guid":{"rendered":"https:\/\/www.messinaoggi.it\/website\/2022\/10\/07\/palermo-carta-azioni-di-sistema-per-la-qualita-dello-spazio-pubblico\/"},"modified":"2022-10-07T15:47:51","modified_gmt":"2022-10-07T13:47:51","slug":"palermo-carta-azioni-di-sistema-per-la-qualita-dello-spazio-pubblico","status":"publish","type":"post","link":"https:\/\/www.messinaoggi.it\/website\/2022\/10\/07\/palermo-carta-azioni-di-sistema-per-la-qualita-dello-spazio-pubblico\/","title":{"rendered":"Palermo, Carta \u201cAzioni di sistema per la qualit\u00e0 dello spazio pubblico\u201d"},"content":{"rendered":"<div>\n<p>PALERMO (ITALPRESS) \u2013 \u201cLo spazio pubblico e quello dell\u2019abitare, i luoghi di vita, di lavoro e del tempo libero di Palermo sono in una crisi di sistema che ne sta erodendo bellezza, dignit\u00e0 e sicurezza, riducendone la vivibilit\u00e0, con particolare criticit\u00e0 nel centro storico, ma con altrettanti problemi in tutti i quartieri, con diversi gradi di intensit\u00e0. Davanti a una crisi di sistema servono soluzioni di sistema e non solo azioni emergenziali o rammendi. Per questo, fin dal mio insediamento, in piena sintonia con il Sindaco Roberto Lagalla ho messo in atto una serie di azioni di sistema per migliorare la qualit\u00e0 dello spazio pubblico e dell\u2019abitare, obiettivo specifico di un delle mie deleghe assessoriali. Oggi posso sintetizzarle per poterne dare conto e ascoltare ulteriori indicazioni da tutti coloro che sono coinvolti nel medesimo obiettivo\u201d.<br \/>Lo dichiara Maurizio Carta, Assessore alla rigenerazione urbana, sviluppo urbanistico della citt\u00e0 policentrica e mobilit\u00e0 sostenibile a Palermo. <br \/>\u201cA) E\u2019 stato attivato un coordinamento sempre pi\u00f9 stretto tra la Polizia Municipale, le altre Forze dell\u2019Ordine e i soggetti competenti attraverso una partecipazione attiva e costante al Comitato Provinciale per l\u2019Ordine Pubblico e la Sicurezza presieduto dal Prefetto e con la partecipazione del Questore, per aumentare la capacit\u00e0 di prevenzione, controllo e sanzione ai tutti coloro che non rispettano norme e regole della sicurezza dei luoghi e delle persone nei centri della movida. Questa attivit\u00e0 ha permesso di intensificare i controlli estendendo i servizi dei fine settimana ad altri giorni cruciali e luoghi sensibili producendo numerose sanzioni e chiusure di locali non in regola \u2013 spiega Carta \u2013 B) Sono state emanate, e sono in corso altre, ordinanze relative alla viabilit\u00e0 che agevolano la pedonalizzazione di piazze e strade per evitare la commistione di usi veicolari e commerciali non pi\u00f9 compatibili, saranno attuate ulteriori limitazioni e restrizioni per impedire la predazione di spazi pubblici e agevolare controlli e sanzioni della polizia\u201d.<br \/>\u201cC) con il Comandante della PM Margherita Amato abbiamo costituito la Squadra Delta 22 che agisce insieme alla RAP e ai Servizi Sociali per intervenire in maniera tempestiva in tutti quei luoghi dove il degrado produce anche fenomeni di marginalit\u00e0 adulta che devono essere presi in cura e avviati verso percorsi di miglioramento delle condizioni di salute e di abitare \u2013 continua Carta \u2013 D) insieme all\u2019Assessore Forzinetti abbiamo attivato un costante dialogo con le associazioni di categoria e i comitati di quartiere o di strada per individuare le criticit\u00e0 e attuare soluzioni condivise. Su Piazza Magione, Piazza Caracciolo, via La Lumia, via Mariano Stabile, via Emerico Amari, via Maqueda, via Vittorio Emanuele e altre strade vi sono importanti soluzioni in corso di realizzazione con il contributo attivo dei residenti e dei commercianti che troveranno primi esiti durante le manifestazioni natalizie\u201d prosegue. <br \/>\u201cE) insieme all\u2019Assessore Mineo abbiamo impresso accelerazione ai progetti di riqualificazione urbana e ambientale per la Cost Sud e per le borgate marinare a nord per procedere rapidamente all\u2019utilizzo di fondi extracomunali che consentano la realizzazione di luoghi per l\u2019educazione, il tempo libero, il ristoro e la balneazione che possano agevolare i processi di rinascita dei quartieri costieri di Palermo. Stiamo anche costituendo un tavolo tecnico con l\u2019Autorit\u00e0 di Sistema Portuale del Mare di Sicilia Occidentale per affrontare insieme le questioni relative alla valorizzazione della costa e alla sua progettazione urbanistica.<br \/>F) Ho proposto la rimodulazione delle priorit\u00e0 delle nuove linee tranviarie per consentire l\u2019accessibilit\u00e0 da e per i quartieri periferici e per agevolare l\u2019interscambio con la mobilit\u00e0 elettrica, nonch\u00e8 ho richiesto approfondimenti tecnici sulla tratta Libert\u00e0-Stazione per ridurre al minimo gli impatti sul tessuto storico. A breve sar\u00e0 anche emanato un bando perch\u00e8 la micromobilit\u00e0 elettrica possa essere sempre pi\u00f9 integrata e completare al trasporto pubblico locale. Sempre sul tema della mobilit\u00e0 sostenibile ho dato avvio e condivisione pubblica allo studio di fattibilit\u00e0 per nuovi 80 km di piste ciclabili e per la manutenzione e miglioramento dei 50 km di quelle esistenti perch\u00e8 siano sempre pi\u00f9 una rete efficiente e sicura degli spostamenti casa-lavoro e casa-scuola e non solo per il tempo libero\u201d continua Carta. <br \/>\u201cG) Insieme all\u2019Assessore Cannella ho verificato lo stato di sicurezza e funzionalit\u00e0 dei teatri cittadini ancora chiusi (Garibaldi e Montevergini), nonch\u00e8 degli spazi potenzialmente utilizzabili per attivit\u00e0 culturali e ho indirizzato la redazione di progetti su fondi gi\u00e0 esistenti e reperimento di nuovi fondi extracomunali per la completa agibilit\u00e0 e sicurezza del Teatro Massimo e del Politeama in modo da restituirli alla piena fruizione della cittadinanza e dei turisti.<br \/>Sono interventi minimali e di scala locale, in attesa delle azioni strategiche e di lungo termine, che per\u00f2, tutti insieme come in una partitura musicale, compongono un sistema di azioni integrate e convergenti verso il medesimo obiettivo della riqualificazione dello spazio pubblico, sia aperto che chiuso, come componente rigenerativa della citt\u00e0, come presidio di legalit\u00e0 e piattaforma di sviluppo sostenibile. Spazi di coesistenza e di convergenza, invece che spazi di conflitto e predazione\u201d conclude Carta. <div id=\"div-gpt-ad-Messinaoggi.it-DSK-300x250-corpoart\" style=\"text-align:center;margin:0 auto;\"><\/div><\/p>\n<p>\u2013 foto: Ufficio stampa comune di Palermo <div id=\"videoincontent\" style=\"clear:both\";><\/div><\/p>\n<p>(ITALPRESS).<\/p>\n<\/div>\n","protected":false},"excerpt":{"rendered":"<p>PALERMO (ITALPRESS) \u2013 \u201cLo spazio pubblico e quello dell\u2019abitare, i luoghi di vita, di lavoro e del tempo libero di Palermo sono in una crisi di sistema che ne sta erodendo bellezza, dignit\u00e0 e sicurezza, riducendone la vivibilit\u00e0, con particolare criticit\u00e0 nel centro storico, ma con altrettanti problemi in tutti i quartieri, con diversi gradi [&hellip;]<\/p>\n","protected":false},"author":18,"featured_media":124803,"comment_status":"closed","ping_status":"closed","sticky":false,"template":"","format":"standard","meta":{"ub_ctt_via":"","_mi_skip_tracking":false},"categories":[2449],"tags":[783],"featured_image_src":"https:\/\/www.messinaoggi.it\/website\/wp-content\/uploads\/2022\/10\/20221007_1328.jpg","author_info":{"display_name":"Admin","author_link":"https:\/\/www.messinaoggi.it\/website\/author\/admin\/"},"digistream_id":0,"digistream":false,"_links":{"self":[{"href":"https:\/\/www.messinaoggi.it\/website\/wp-json\/wp\/v2\/posts\/124802"}],"collection":[{"href":"https:\/\/www.messinaoggi.it\/website\/wp-json\/wp\/v2\/posts"}],"about":[{"href":"https:\/\/www.messinaoggi.it\/website\/wp-json\/wp\/v2\/types\/post"}],"author":[{"embeddable":true,"href":"https:\/\/www.messinaoggi.it\/website\/wp-json\/wp\/v2\/users\/18"}],"replies":[{"embeddable":true,"href":"https:\/\/www.messinaoggi.it\/website\/wp-json\/wp\/v2\/comments?post=124802"}],"version-history":[{"count":0,"href":"https:\/\/www.messinaoggi.it\/website\/wp-json\/wp\/v2\/posts\/124802\/revisions"}],"wp:featuredmedia":[{"embeddable":true,"href":"https:\/\/www.messinaoggi.it\/website\/wp-json\/wp\/v2\/media\/124803"}],"wp:attachment":[{"href":"https:\/\/www.messinaoggi.it\/website\/wp-json\/wp\/v2\/media?parent=124802"}],"wp:term":[{"taxonomy":"category","embeddable":true,"href":"https:\/\/www.messinaoggi.it\/website\/wp-json\/wp\/v2\/categories?post=124802"},{"taxonomy":"post_tag","embeddable":true,"href":"https:\/\/www.messinaoggi.it\/website\/wp-json\/wp\/v2\/tags?post=124802"}],"curies":[{"name":"wp","href":"https:\/\/api.w.org\/{rel}","templated":true}]}}