{"id":124800,"date":"2022-10-07T15:02:54","date_gmt":"2022-10-07T13:02:54","guid":{"rendered":"https:\/\/www.messinaoggi.it\/website\/2022\/10\/07\/disabili-e-sessualita-quando-linformazione-diventa-fondamentale\/"},"modified":"2022-10-07T16:31:28","modified_gmt":"2022-10-07T14:31:28","slug":"disabili-e-sessualita-quando-linformazione-diventa-fondamentale","status":"publish","type":"post","link":"https:\/\/www.messinaoggi.it\/website\/2022\/10\/07\/disabili-e-sessualita-quando-linformazione-diventa-fondamentale\/","title":{"rendered":"Disabili e sessualit\u00e0, quando l\u2019informazione diventa fondamentale"},"content":{"rendered":"<div>\n<p>PALERMO (ITALPRESS) \u2013 Quanto \u00e8 complicata la sessualit\u00e0 per un giovane disabile? Quali sono le difficolt\u00e0 maggiori vissute da chi si avvicina all\u2019altro sesso consapevole o timoroso delle limitazioni che un handicap, il suo handicap, pu\u00f2 comportare? L\u2019Italpress ne ha parlato con la psicologa e psicoterapeuta Roberta Taverna. <br \/>\u201cI giovani disabili hanno molte pi\u00f9 difficolt\u00e0 rispetto ai coetanei, ma bisogna comunque distinguere tra disabilit\u00e0 fisica e psichica\u201d, avverte. \u201cLa mancanza di relazioni con un gruppo di pari, le limitazioni fisiche nei movimenti e negli spostamenti possono generare un\u2019ulteriore difficolt\u00e0 nell\u2019approccio alla sessualit\u00e0 e un senso di insicurezza e inadeguatezza maggiore rispetto a chi queste limitazioni non le vive\u201d. <br \/>E poi c\u2019\u00e8 il pregiudizio che non facilita sicuramente le cose, in un\u2019et\u00e0 peraltro in cui si \u00e8 pi\u00f9 vulnerabili\u2026 <br \/>\u201cIl pregiudizio \u00e8 chiaramente un elemento alla base della difficolt\u00e0 nell\u2019approccio alla sessualit\u00e0\u201d, afferma la dottoressa Taverna. \u201cProprio questa mancanza di reale comprensione della condizione altrui pu\u00f2 generare fraintendimenti, possibilmente dannosi per la futura vita sessuale\u201d. <br \/>Spesso poi c\u2019\u00e8 \u201cl\u2019idea comune e sbagliata che i ragazzi con disabilit\u00e0 siano degli angeli asessuati, quindi che non abbiano la pulsione e il bisogno alla sessualit\u00e0. C\u2019\u00e8 talvolta il pregiudizio che un ragazzo con disabilit\u00e0 possa non avere bisogno di provare piacere\u201d. <br \/>Una possibile soluzione potrebbe essere allora una maggiore informazione, quella di mettere i ragazzi in condizione di avvicinarsi alla sessualit\u00e0 con consapevolezza: \u201cL\u2019educazione sessuale andrebbe adottata in tutte le scuole e questo potrebbe gi\u00e0 essere un modo per insegnare ai ragazzi in genere, e ai ragazzi con disabilit\u00e0 nello specifico, che c\u2019\u00e8 anche la possibilit\u00e0 di essere aiutati dagli specialisti. L\u2019informazione potrebbe senz\u2019altro aiutare ma dovrebbe essere comunque un\u2019informazione completa, svolta coinvolgendo anche le famiglie\u201d.<br \/>(ITALPRESS).<div id=\"div-gpt-ad-Messinaoggi.it-DSK-300x250-corpoart\" style=\"text-align:center;margin:0 auto;\"><\/div><\/p>\n<\/div>\n<div id=\"videoincontent\" style=\"clear:both\";><\/div>","protected":false},"excerpt":{"rendered":"<p>PALERMO (ITALPRESS) \u2013 Quanto \u00e8 complicata la sessualit\u00e0 per un giovane disabile? Quali sono le difficolt\u00e0 maggiori vissute da chi si avvicina all\u2019altro sesso consapevole o timoroso delle limitazioni che un handicap, il suo handicap, pu\u00f2 comportare? L\u2019Italpress ne ha parlato con la psicologa e psicoterapeuta Roberta Taverna. \u201cI giovani disabili hanno molte pi\u00f9 difficolt\u00e0 [&hellip;]<\/p>\n","protected":false},"author":18,"featured_media":124801,"comment_status":"closed","ping_status":"closed","sticky":false,"template":"","format":"standard","meta":{"ub_ctt_via":"","_mi_skip_tracking":false},"categories":[11,2449],"tags":[783],"featured_image_src":"https:\/\/www.messinaoggi.it\/website\/wp-content\/uploads\/2022\/10\/20221007_0982.jpg","author_info":{"display_name":"Admin","author_link":"https:\/\/www.messinaoggi.it\/website\/author\/admin\/"},"digistream_id":0,"digistream":false,"_links":{"self":[{"href":"https:\/\/www.messinaoggi.it\/website\/wp-json\/wp\/v2\/posts\/124800"}],"collection":[{"href":"https:\/\/www.messinaoggi.it\/website\/wp-json\/wp\/v2\/posts"}],"about":[{"href":"https:\/\/www.messinaoggi.it\/website\/wp-json\/wp\/v2\/types\/post"}],"author":[{"embeddable":true,"href":"https:\/\/www.messinaoggi.it\/website\/wp-json\/wp\/v2\/users\/18"}],"replies":[{"embeddable":true,"href":"https:\/\/www.messinaoggi.it\/website\/wp-json\/wp\/v2\/comments?post=124800"}],"version-history":[{"count":1,"href":"https:\/\/www.messinaoggi.it\/website\/wp-json\/wp\/v2\/posts\/124800\/revisions"}],"predecessor-version":[{"id":124806,"href":"https:\/\/www.messinaoggi.it\/website\/wp-json\/wp\/v2\/posts\/124800\/revisions\/124806"}],"wp:featuredmedia":[{"embeddable":true,"href":"https:\/\/www.messinaoggi.it\/website\/wp-json\/wp\/v2\/media\/124801"}],"wp:attachment":[{"href":"https:\/\/www.messinaoggi.it\/website\/wp-json\/wp\/v2\/media?parent=124800"}],"wp:term":[{"taxonomy":"category","embeddable":true,"href":"https:\/\/www.messinaoggi.it\/website\/wp-json\/wp\/v2\/categories?post=124800"},{"taxonomy":"post_tag","embeddable":true,"href":"https:\/\/www.messinaoggi.it\/website\/wp-json\/wp\/v2\/tags?post=124800"}],"curies":[{"name":"wp","href":"https:\/\/api.w.org\/{rel}","templated":true}]}}