{"id":124682,"date":"2022-10-06T18:09:58","date_gmt":"2022-10-06T16:09:58","guid":{"rendered":"https:\/\/www.messinaoggi.it\/website\/2022\/10\/06\/ue-mattarella-urgente-definire-strumenti-per-autonomia-strategica\/"},"modified":"2022-10-06T18:09:58","modified_gmt":"2022-10-06T16:09:58","slug":"ue-mattarella-urgente-definire-strumenti-per-autonomia-strategica","status":"publish","type":"post","link":"https:\/\/www.messinaoggi.it\/website\/2022\/10\/06\/ue-mattarella-urgente-definire-strumenti-per-autonomia-strategica\/","title":{"rendered":"Ue, Mattarella \u201cUrgente definire strumenti per autonomia strategica\u201d"},"content":{"rendered":"<div>LA VALLETTA (MALTA) (ITALPRESS) &#8211; &#8220;Ritengo indispensabile e urgente definire a livello europeo, gli strumenti di cui disporre per dare sostanza e consolidare l&#8217;autonomia strategica dell&#8217;Unione. Tanto pi\u00f9 \u00e8 necessario alla luce della inaccettabile e gravissima aggressione della Federazione Russa all&#8217;Ucraina e delle gravissime conseguenze che questo ha comportato&#8221;. <br \/>Cos\u00ec il presidente della Repubblica, Sergio Mattarella, al termine della riunione dei capi di Stato del gruppo Arraiolos a Malta. &#8220;E&#8217; una responsabilit\u00e0 indifferibile degli Stati dell&#8217;Unione e delle istituzioni comuni individuare delle soluzioni innovative idonee a garantire sicurezza e stabilit\u00e0 al nostro Continente&#8221;, ha aggiunto il capo dello Stato. <br \/>&#8220;La dimensione esistenziale dell&#8217;Ue fa parte del suo Dna e questo aspetto costituisce uno dei valori fondanti su ci si \u00e8 sviluppata l&#8217;integrazione, il rapporto fra di noi e con il resto del mondo. Dobbiamo sviluppare costantemente la solidariet\u00e0 e la crescita con la coesione sociale che sono collegati all&#8217;applicazione di questo valore. La solidariet\u00e0 \u00e8 un valore fondante, quello che motiva il nostro stare insieme \u00e8 quello che lo rafforza giorno per giorno&#8221;, ha spiegato. Quindi &#8220;compito dell&#8217;Unione \u00e8 quello di definire una politica estera che funga da presidio alla nostra libert\u00e0. Una politica di difesa comune che sappia abbracciare ambiti pi\u00f9 vasti&#8221;. <br \/>(ITALPRESS).<br \/>-foto ufficio stampa Quirinale-<\/div>\n<div id=\"div-gpt-ad-Messinaoggi.it-DSK-300x250-corpoart\" style=\"text-align:center;margin:0 auto;\"><\/div><\/p><div id=\"videoincontent\" style=\"clear:both\";><\/div>","protected":false},"excerpt":{"rendered":"<p>LA VALLETTA (MALTA) (ITALPRESS) &#8211; &#8220;Ritengo indispensabile e urgente definire a livello europeo, gli strumenti di cui disporre per dare sostanza e consolidare l&#8217;autonomia strategica dell&#8217;Unione. Tanto pi\u00f9 \u00e8 necessario alla luce della inaccettabile e gravissima aggressione della Federazione Russa all&#8217;Ucraina e delle gravissime conseguenze che questo ha comportato&#8221;. Cos\u00ec il presidente della Repubblica, Sergio [&hellip;]<\/p>\n","protected":false},"author":18,"featured_media":124683,"comment_status":"closed","ping_status":"closed","sticky":false,"template":"","format":"standard","meta":{"ub_ctt_via":"","_mi_skip_tracking":false},"categories":[446],"tags":[783],"featured_image_src":"https:\/\/www.messinaoggi.it\/website\/wp-content\/uploads\/2022\/10\/20221006_1811.jpg","author_info":{"display_name":"Admin","author_link":"https:\/\/www.messinaoggi.it\/website\/author\/admin\/"},"digistream_id":0,"digistream":false,"_links":{"self":[{"href":"https:\/\/www.messinaoggi.it\/website\/wp-json\/wp\/v2\/posts\/124682"}],"collection":[{"href":"https:\/\/www.messinaoggi.it\/website\/wp-json\/wp\/v2\/posts"}],"about":[{"href":"https:\/\/www.messinaoggi.it\/website\/wp-json\/wp\/v2\/types\/post"}],"author":[{"embeddable":true,"href":"https:\/\/www.messinaoggi.it\/website\/wp-json\/wp\/v2\/users\/18"}],"replies":[{"embeddable":true,"href":"https:\/\/www.messinaoggi.it\/website\/wp-json\/wp\/v2\/comments?post=124682"}],"version-history":[{"count":0,"href":"https:\/\/www.messinaoggi.it\/website\/wp-json\/wp\/v2\/posts\/124682\/revisions"}],"wp:featuredmedia":[{"embeddable":true,"href":"https:\/\/www.messinaoggi.it\/website\/wp-json\/wp\/v2\/media\/124683"}],"wp:attachment":[{"href":"https:\/\/www.messinaoggi.it\/website\/wp-json\/wp\/v2\/media?parent=124682"}],"wp:term":[{"taxonomy":"category","embeddable":true,"href":"https:\/\/www.messinaoggi.it\/website\/wp-json\/wp\/v2\/categories?post=124682"},{"taxonomy":"post_tag","embeddable":true,"href":"https:\/\/www.messinaoggi.it\/website\/wp-json\/wp\/v2\/tags?post=124682"}],"curies":[{"name":"wp","href":"https:\/\/api.w.org\/{rel}","templated":true}]}}