{"id":124641,"date":"2022-10-06T16:07:56","date_gmt":"2022-10-06T14:07:56","guid":{"rendered":"https:\/\/www.messinaoggi.it\/website\/2022\/10\/06\/nobel-per-la-letteratura-alla-francese-annie-ernaux\/"},"modified":"2022-10-06T16:07:56","modified_gmt":"2022-10-06T14:07:56","slug":"nobel-per-la-letteratura-alla-francese-annie-ernaux","status":"publish","type":"post","link":"https:\/\/www.messinaoggi.it\/website\/2022\/10\/06\/nobel-per-la-letteratura-alla-francese-annie-ernaux\/","title":{"rendered":"Nobel per la letteratura alla francese Annie Ernaux"},"content":{"rendered":"<div>STOCCOLMA (ITALPRESS) &#8211; Il Premio Nobel per la Letteratura \u00e8 stato assegnato alla scrittrice francese Annie Ernaux, 82 anni &#8220;per il coraggio e l&#8217;acutezza clinica con cui ha svelato le radici, gli straniamenti e i vincoli collettivi della memoria personale&#8221;.<br \/>Nel 2000 si ritira dall&#8217;insegnamento e si dedica alla scrittura de Gli anni (Les Ann\u00e8es) che verr\u00e0 pubblicato nel 2008 e ricever\u00e0 diversi premi. Nel 2011 esce alle stampe L&#8217;altra figlia, una lettera indirizzata alla sorella mai conosciuta, morta prima della sua nascita, e L&#8217;Atelier noir, che riunisce vari taccuini composti da note e riflessioni sulla scrittura. Nello stesso anno, Gallimard pubblica l&#8217;antologia E&#8217;crire la vie, che raccoglie la maggior parte dei suoi scritti autobiografici e un quaderno di cento pagine, composto da foto e brani inediti tratti dal suo diario.<br \/>-foto agenziafotogramma.it<br \/>(ITALPRESS).<\/div>\n<div id=\"div-gpt-ad-Messinaoggi.it-DSK-300x250-corpoart\" style=\"text-align:center;margin:0 auto;\"><\/div><\/p><div id=\"videoincontent\" style=\"clear:both\";><\/div>","protected":false},"excerpt":{"rendered":"<p>STOCCOLMA (ITALPRESS) &#8211; Il Premio Nobel per la Letteratura \u00e8 stato assegnato alla scrittrice francese Annie Ernaux, 82 anni &#8220;per il coraggio e l&#8217;acutezza clinica con cui ha svelato le radici, gli straniamenti e i vincoli collettivi della memoria personale&#8221;.Nel 2000 si ritira dall&#8217;insegnamento e si dedica alla scrittura de Gli anni (Les Ann\u00e8es) che [&hellip;]<\/p>\n","protected":false},"author":18,"featured_media":124642,"comment_status":"closed","ping_status":"closed","sticky":false,"template":"","format":"standard","meta":{"ub_ctt_via":"","_mi_skip_tracking":false},"categories":[446],"tags":[783],"featured_image_src":"https:\/\/www.messinaoggi.it\/website\/wp-content\/uploads\/2022\/10\/20221006_0820.jpg","author_info":{"display_name":"Admin","author_link":"https:\/\/www.messinaoggi.it\/website\/author\/admin\/"},"digistream_id":0,"digistream":false,"_links":{"self":[{"href":"https:\/\/www.messinaoggi.it\/website\/wp-json\/wp\/v2\/posts\/124641"}],"collection":[{"href":"https:\/\/www.messinaoggi.it\/website\/wp-json\/wp\/v2\/posts"}],"about":[{"href":"https:\/\/www.messinaoggi.it\/website\/wp-json\/wp\/v2\/types\/post"}],"author":[{"embeddable":true,"href":"https:\/\/www.messinaoggi.it\/website\/wp-json\/wp\/v2\/users\/18"}],"replies":[{"embeddable":true,"href":"https:\/\/www.messinaoggi.it\/website\/wp-json\/wp\/v2\/comments?post=124641"}],"version-history":[{"count":0,"href":"https:\/\/www.messinaoggi.it\/website\/wp-json\/wp\/v2\/posts\/124641\/revisions"}],"wp:featuredmedia":[{"embeddable":true,"href":"https:\/\/www.messinaoggi.it\/website\/wp-json\/wp\/v2\/media\/124642"}],"wp:attachment":[{"href":"https:\/\/www.messinaoggi.it\/website\/wp-json\/wp\/v2\/media?parent=124641"}],"wp:term":[{"taxonomy":"category","embeddable":true,"href":"https:\/\/www.messinaoggi.it\/website\/wp-json\/wp\/v2\/categories?post=124641"},{"taxonomy":"post_tag","embeddable":true,"href":"https:\/\/www.messinaoggi.it\/website\/wp-json\/wp\/v2\/tags?post=124641"}],"curies":[{"name":"wp","href":"https:\/\/api.w.org\/{rel}","templated":true}]}}