{"id":124600,"date":"2022-10-06T11:07:51","date_gmt":"2022-10-06T09:07:51","guid":{"rendered":"https:\/\/www.messinaoggi.it\/website\/2022\/10\/06\/calenda-su-pnrr-meloni-mette-mani-avanti-draghi-ha-ragione\/"},"modified":"2022-10-06T11:07:51","modified_gmt":"2022-10-06T09:07:51","slug":"calenda-su-pnrr-meloni-mette-mani-avanti-draghi-ha-ragione","status":"publish","type":"post","link":"https:\/\/www.messinaoggi.it\/website\/2022\/10\/06\/calenda-su-pnrr-meloni-mette-mani-avanti-draghi-ha-ragione\/","title":{"rendered":"Calenda \u201cSu Pnrr Meloni mette mani avanti, Draghi ha ragione\u201d"},"content":{"rendered":"<div>ROMA (ITALPRESS) &#8211; &#8220;I ritardi sul Pnrr? Ha ragione Draghi. C&#8217;\u00e8 un dato oggettivo: se fossimo in ritardo, l&#8217;Europa non ci pagherebbe le tranche. Come ogni governo che arriva, si mettono le mani avanti. Meloni dovrebbe piuttosto concentrarsi su come implementare&#8221; il Piano. Lo ha detto il leader di Azione, Carlo Calenda, a SkyTg24. &#8220;E&#8217; necessario dare messaggi molto chiari su cosa fare&#8221; e bisogna &#8220;assumersi la responsabilit\u00e0 delle promesse&#8221; fatte in campagna elettorale: &#8220;\u00e8 doveroso che la destra chiarisca qual \u00e8 la sua linea&#8221;.<div id=\"div-gpt-ad-Messinaoggi.it-DSK-300x250-corpoart\" style=\"text-align:center;margin:0 auto;\"><\/div><\/p>\n<p>Foto: agenziafotogramma.it<div id=\"videoincontent\" style=\"clear:both\";><\/div><\/p>\n<p>(ITALPRESS).<\/p><\/div>\n","protected":false},"excerpt":{"rendered":"<p>ROMA (ITALPRESS) &#8211; &#8220;I ritardi sul Pnrr? Ha ragione Draghi. C&#8217;\u00e8 un dato oggettivo: se fossimo in ritardo, l&#8217;Europa non ci pagherebbe le tranche. Come ogni governo che arriva, si mettono le mani avanti. Meloni dovrebbe piuttosto concentrarsi su come implementare&#8221; il Piano. Lo ha detto il leader di Azione, Carlo Calenda, a SkyTg24. &#8220;E&#8217; [&hellip;]<\/p>\n","protected":false},"author":18,"featured_media":124601,"comment_status":"closed","ping_status":"closed","sticky":false,"template":"","format":"standard","meta":{"ub_ctt_via":"","_mi_skip_tracking":false},"categories":[446],"tags":[783],"featured_image_src":"https:\/\/www.messinaoggi.it\/website\/wp-content\/uploads\/2022\/10\/20221006_0163.jpg","author_info":{"display_name":"Admin","author_link":"https:\/\/www.messinaoggi.it\/website\/author\/admin\/"},"digistream_id":0,"digistream":false,"_links":{"self":[{"href":"https:\/\/www.messinaoggi.it\/website\/wp-json\/wp\/v2\/posts\/124600"}],"collection":[{"href":"https:\/\/www.messinaoggi.it\/website\/wp-json\/wp\/v2\/posts"}],"about":[{"href":"https:\/\/www.messinaoggi.it\/website\/wp-json\/wp\/v2\/types\/post"}],"author":[{"embeddable":true,"href":"https:\/\/www.messinaoggi.it\/website\/wp-json\/wp\/v2\/users\/18"}],"replies":[{"embeddable":true,"href":"https:\/\/www.messinaoggi.it\/website\/wp-json\/wp\/v2\/comments?post=124600"}],"version-history":[{"count":0,"href":"https:\/\/www.messinaoggi.it\/website\/wp-json\/wp\/v2\/posts\/124600\/revisions"}],"wp:featuredmedia":[{"embeddable":true,"href":"https:\/\/www.messinaoggi.it\/website\/wp-json\/wp\/v2\/media\/124601"}],"wp:attachment":[{"href":"https:\/\/www.messinaoggi.it\/website\/wp-json\/wp\/v2\/media?parent=124600"}],"wp:term":[{"taxonomy":"category","embeddable":true,"href":"https:\/\/www.messinaoggi.it\/website\/wp-json\/wp\/v2\/categories?post=124600"},{"taxonomy":"post_tag","embeddable":true,"href":"https:\/\/www.messinaoggi.it\/website\/wp-json\/wp\/v2\/tags?post=124600"}],"curies":[{"name":"wp","href":"https:\/\/api.w.org\/{rel}","templated":true}]}}