{"id":124509,"date":"2022-10-05T15:07:57","date_gmt":"2022-10-05T13:07:57","guid":{"rendered":"https:\/\/www.messinaoggi.it\/website\/2022\/10\/05\/mourinho-dybala-sta-bene-e-gioca-contro-il-betis\/"},"modified":"2022-10-05T16:41:14","modified_gmt":"2022-10-05T14:41:14","slug":"mourinho-dybala-sta-bene-e-gioca-contro-il-betis","status":"publish","type":"post","link":"https:\/\/www.messinaoggi.it\/website\/2022\/10\/05\/mourinho-dybala-sta-bene-e-gioca-contro-il-betis\/","title":{"rendered":"Mourinho \u201cDybala sta bene e gioca contro il Betis\u201d"},"content":{"rendered":"<div>ROMA (ITALPRESS) &#8211; &#8220;Dybala sta bene e gioca. Pellegrini \u00e8 da valutare, devo sentire il suo parere. Conosco bene Lorenzo, so che vuole giocare: se dice di essere disponibile, mi fido di lui. Se dice no, non c&#8217;\u00e8 possibilit\u00e0. Belotti e Abraham in coppia? I giocatori bravi possono giocare insieme, non \u00e8 mai un problema. Ma non \u00e8 facile&#8221;. Lo ha detto l&#8217;allenatore della Roma, Jos\u00e8 Mourinho, nella conferenza stampa della vigilia del match contro il Betis in Europa League. L&#8217;allenatore portoghese spende belle parole per Zaniolo: &#8220;Gli avversari si preoccupano della sua presenza, non \u00e8 egoista e non risparmia energie. Lavora tanto per la squadra&#8221;. &#8220;Il record di vittorie in Europa non \u00e8 uno stimolo in pi\u00f9. Sar\u00f2 sempre orgoglioso della mia carriera. Ma in questo momento l&#8217;unica cosa che mi interessa \u00e8 conquistare tre punti in una partita di livello alto perch\u00e8 ne abbiamo bisogno&#8221;, prosegue lo Special One, che insegue la vittoria numero 107 in Europa per staccare Ferguson. E come nella scorsa stagione col Leicester, Mou chiama a raccolta l&#8217;Olimpico sold out: &#8220;Affrontiamo una squadra che ha qualit\u00e0 e un&#8217;identit\u00e0 chiara con un grande allenatore. Il Betis ha vinto e non \u00e8 facile vincere una competizione in Spagna. E&#8217; una partita difficile per noi e per loro. E&#8217; un 11 contro 11 ma abbiamo 60.000 sugli spalti. Spero che i tifosi facciano la loro parte&#8221;. <br \/>&#8211; foto LivePhotoSport &#8211;<br \/>(ITALPRESS).<\/div>\n<div id=\"div-gpt-ad-Messinaoggi.it-DSK-300x250-corpoart\" style=\"text-align:center;margin:0 auto;\"><\/div><\/p><div id=\"videoincontent\" style=\"clear:both\";><\/div>","protected":false},"excerpt":{"rendered":"<p>ROMA (ITALPRESS) &#8211; &#8220;Dybala sta bene e gioca. Pellegrini \u00e8 da valutare, devo sentire il suo parere. Conosco bene Lorenzo, so che vuole giocare: se dice di essere disponibile, mi fido di lui. Se dice no, non c&#8217;\u00e8 possibilit\u00e0. Belotti e Abraham in coppia? I giocatori bravi possono giocare insieme, non \u00e8 mai un problema. [&hellip;]<\/p>\n","protected":false},"author":18,"featured_media":124510,"comment_status":"closed","ping_status":"closed","sticky":false,"template":"","format":"standard","meta":{"ub_ctt_via":"","_mi_skip_tracking":false},"categories":[10,446,9],"tags":[783],"featured_image_src":"https:\/\/www.messinaoggi.it\/website\/wp-content\/uploads\/2022\/10\/20221005_0835.jpg","author_info":{"display_name":"Admin","author_link":"https:\/\/www.messinaoggi.it\/website\/author\/admin\/"},"digistream_id":0,"digistream":false,"_links":{"self":[{"href":"https:\/\/www.messinaoggi.it\/website\/wp-json\/wp\/v2\/posts\/124509"}],"collection":[{"href":"https:\/\/www.messinaoggi.it\/website\/wp-json\/wp\/v2\/posts"}],"about":[{"href":"https:\/\/www.messinaoggi.it\/website\/wp-json\/wp\/v2\/types\/post"}],"author":[{"embeddable":true,"href":"https:\/\/www.messinaoggi.it\/website\/wp-json\/wp\/v2\/users\/18"}],"replies":[{"embeddable":true,"href":"https:\/\/www.messinaoggi.it\/website\/wp-json\/wp\/v2\/comments?post=124509"}],"version-history":[{"count":1,"href":"https:\/\/www.messinaoggi.it\/website\/wp-json\/wp\/v2\/posts\/124509\/revisions"}],"predecessor-version":[{"id":124523,"href":"https:\/\/www.messinaoggi.it\/website\/wp-json\/wp\/v2\/posts\/124509\/revisions\/124523"}],"wp:featuredmedia":[{"embeddable":true,"href":"https:\/\/www.messinaoggi.it\/website\/wp-json\/wp\/v2\/media\/124510"}],"wp:attachment":[{"href":"https:\/\/www.messinaoggi.it\/website\/wp-json\/wp\/v2\/media?parent=124509"}],"wp:term":[{"taxonomy":"category","embeddable":true,"href":"https:\/\/www.messinaoggi.it\/website\/wp-json\/wp\/v2\/categories?post=124509"},{"taxonomy":"post_tag","embeddable":true,"href":"https:\/\/www.messinaoggi.it\/website\/wp-json\/wp\/v2\/tags?post=124509"}],"curies":[{"name":"wp","href":"https:\/\/api.w.org\/{rel}","templated":true}]}}