{"id":124469,"date":"2022-10-05T13:02:54","date_gmt":"2022-10-05T11:02:54","guid":{"rendered":"https:\/\/www.messinaoggi.it\/website\/2022\/10\/05\/a-palermo-una-targa-per-giuni-russo-accanto-al-palchetto-della-musica\/"},"modified":"2022-10-05T16:42:29","modified_gmt":"2022-10-05T14:42:29","slug":"a-palermo-una-targa-per-giuni-russo-accanto-al-palchetto-della-musica","status":"publish","type":"post","link":"https:\/\/www.messinaoggi.it\/website\/2022\/10\/05\/a-palermo-una-targa-per-giuni-russo-accanto-al-palchetto-della-musica\/","title":{"rendered":"A Palermo una targa per Giuni Russo accanto al Palchetto della musica"},"content":{"rendered":"<div>\n<p>PALERMO (ITALPRESS) \u2013 E\u2019 stata scoperta, in piazza Castelnuovo, a Palermo, nelle adiacenze del Palchetto della Musica, la targa in memoria di Giuni Russo, la cantante e musicista palermitana scomparsa 18 anni fa. Alla cerimonia erano presenti, tra gli altri, il sindaco Roberto Lagalla e gli assessori comunali Giampiero Cannella e Dario Falzone.<br \/>\u201cOggi \u2013 ha dichiarato il sindaco \u2013 rendiamo omaggio a una grande artista, un gesto doveroso della citt\u00e0 nei confronti di Giuni Russo per il talento espresso e riconosciuto in tutto il Paese. Come amministrazione, siamo felici di aver ripreso un percorso che non meritava di essere lasciato a met\u00e0. Per questa ragione, ringrazio la Soprintendenza ai Beni culturali e l\u2019assessorato regionale ai Beni culturali. Senza la loro sentita partecipazione, questo momento non sarebbe stato possibile. Un ringraziamento speciale anche alla famiglia di Giuni Russo, in particolare alla sua compagna Maria Antonietta Sisini e all\u2019associazione Giuni Russo Arte. E al giornale Palermo Today che ha fatto anche da stimolo per questa iniziativa, portando avanti una petizione che ha raccolto migliaia di firme da tutta Italia, a dimostrazione dell\u2019amore che circonda ancora oggi questa grande artista\u201d.<br \/>Il testo della targa: \u00abQui, a soli 10 anni, sul \u201cPalchetto della Musica\u201d si esib\u00ec pubblicamente per la prima volta l\u2019artista Giuni Russo cantante e musicista (Palermo 1951 \u2013 Milano 2004)\u00bb.<br \/>\u201cC\u2019\u00e8 voluto molto tempo, ma finalmente Palermo riabbraccia Giuni Russo e le rende onore, legando il Palchetto della Musica di piazza Castelnuovo al nome di questa nostra straordinaria artista, che proprio in questo luogo si esib\u00ec giovanissima agli esordi della carriera\u201d, ha sottolineato l\u2019assessore regionale dei Beni Culturali e dell\u2019Identit\u00e0 Siciliana, Alberto Samon\u00e0, presente alla cerimonia di scopertura della targa.<br \/>La richiesta di intitolare il Palchetto della Musica a Giuni Russo era stata avanzata diversi anni fa da Maria Antonietta Sisini, presidente dell\u2019Associazione GiuniRussoArte, sua compagna artistica e di vita ed era stata quindi supportata anche da una petizione promossa dal giornale palermotoday. L\u2019apposizione di una targa in memoria di Giuni Russo nelle immediate vicinanze del Palchetto della Musica, \u00e8 stata disposta dalla Commissione toponomastica del Comune di Palermo. La Targa, voluta anche dall\u2019Assessorato regionale dei Beni Culturali e dall\u2019assessore Samon\u00e0, \u00e8 stata realizzata a cura della Soprintendenza di Palermo.<br \/>\u201cPer troppi anni \u2013 ha aggiunto l\u2019assessore Alberto Samon\u00e0 \u2013 la Citt\u00e0 ha voltato le spalle a questa sua figlia dal grande talento e dalla voce unica, che purtroppo \u00e8 andata via troppo presto. Anni interminabili che con la cerimonia odierna vogliamo consegnare al passato: sono felice che Palermo, che oggi sta vivendo una rinnovata consapevolezza, anche culturale, come ha annunciato il Sindaco, dedicher\u00e0 presto a Giuni Russo un grande appuntamento musicale\u201d.<br \/>Durante la cerimonia, \u00e8 stato letto un messaggio di Maria Antonietta Sisini: \u201cE\u2019 un sogno che si avvera! Dopo 18 anni, la mia richiesta di ricordare Giuni Russo al Palchetto della Musica, con una targa, un segno stabile, dove Giuni, adolescente, inizi\u00f2 a cantare, si \u00e8 concretizzata. Questo grazie all\u2019intervento decisivo di Alberto Samon\u00e0, al quale ho chiesto di rappresentarmi. Sarei stata felice di presenziare alla cerimonia ma so che l\u2019emozione avrebbe preso il sopravvento. Grazie anche alla nuova Amministrazione Comunale nella persona del sindaco prof. Roberto Lagalla, alla Soprintendenza ai Beni culturali, a Sandra Figliuolo e a tutta Palermo. Il mio cuore \u00e8 li con tutti voi, e per sempre legato alla Citt\u00e0 di Palermo, che ha dato i natali alla pi\u00f9 grande cantante di tutti i tempi! Grazie ancora, anche a nome dell\u2019Associazione GiuniRussoArte\u201d.<br \/>foto ufficio stampa Comune Palermo<br \/>(ITALPRESS).<div id=\"div-gpt-ad-Messinaoggi.it-DSK-300x250-corpoart\" style=\"text-align:center;margin:0 auto;\"><\/div><\/p>\n<\/div>\n<div id=\"videoincontent\" style=\"clear:both\";><\/div>","protected":false},"excerpt":{"rendered":"<p>PALERMO (ITALPRESS) \u2013 E\u2019 stata scoperta, in piazza Castelnuovo, a Palermo, nelle adiacenze del Palchetto della Musica, la targa in memoria di Giuni Russo, la cantante e musicista palermitana scomparsa 18 anni fa. Alla cerimonia erano presenti, tra gli altri, il sindaco Roberto Lagalla e gli assessori comunali Giampiero Cannella e Dario Falzone.\u201cOggi \u2013 ha [&hellip;]<\/p>\n","protected":false},"author":18,"featured_media":124470,"comment_status":"closed","ping_status":"closed","sticky":false,"template":"","format":"standard","meta":{"ub_ctt_via":"","_mi_skip_tracking":false},"categories":[2449,17],"tags":[783],"featured_image_src":"https:\/\/www.messinaoggi.it\/website\/wp-content\/uploads\/2022\/10\/20221005_0524.jpg","author_info":{"display_name":"Admin","author_link":"https:\/\/www.messinaoggi.it\/website\/author\/admin\/"},"digistream_id":0,"digistream":false,"_links":{"self":[{"href":"https:\/\/www.messinaoggi.it\/website\/wp-json\/wp\/v2\/posts\/124469"}],"collection":[{"href":"https:\/\/www.messinaoggi.it\/website\/wp-json\/wp\/v2\/posts"}],"about":[{"href":"https:\/\/www.messinaoggi.it\/website\/wp-json\/wp\/v2\/types\/post"}],"author":[{"embeddable":true,"href":"https:\/\/www.messinaoggi.it\/website\/wp-json\/wp\/v2\/users\/18"}],"replies":[{"embeddable":true,"href":"https:\/\/www.messinaoggi.it\/website\/wp-json\/wp\/v2\/comments?post=124469"}],"version-history":[{"count":1,"href":"https:\/\/www.messinaoggi.it\/website\/wp-json\/wp\/v2\/posts\/124469\/revisions"}],"predecessor-version":[{"id":124529,"href":"https:\/\/www.messinaoggi.it\/website\/wp-json\/wp\/v2\/posts\/124469\/revisions\/124529"}],"wp:featuredmedia":[{"embeddable":true,"href":"https:\/\/www.messinaoggi.it\/website\/wp-json\/wp\/v2\/media\/124470"}],"wp:attachment":[{"href":"https:\/\/www.messinaoggi.it\/website\/wp-json\/wp\/v2\/media?parent=124469"}],"wp:term":[{"taxonomy":"category","embeddable":true,"href":"https:\/\/www.messinaoggi.it\/website\/wp-json\/wp\/v2\/categories?post=124469"},{"taxonomy":"post_tag","embeddable":true,"href":"https:\/\/www.messinaoggi.it\/website\/wp-json\/wp\/v2\/tags?post=124469"}],"curies":[{"name":"wp","href":"https:\/\/api.w.org\/{rel}","templated":true}]}}