{"id":124457,"date":"2022-10-05T12:01:16","date_gmt":"2022-10-05T10:01:16","guid":{"rendered":"http:\/\/www.messinaoggi.it\/website\/?p=124457"},"modified":"2022-10-05T12:01:17","modified_gmt":"2022-10-05T10:01:17","slug":"area-nebrodi-passa-da-21-a-29-comuni","status":"publish","type":"post","link":"https:\/\/www.messinaoggi.it\/website\/2022\/10\/05\/area-nebrodi-passa-da-21-a-29-comuni\/","title":{"rendered":"Area Nebrodi passa da 21 a 29 Comuni"},"content":{"rendered":"\n<p>Con una delibera di Giunta regionale sono appena stati ridefiniti i confini dell\u2019Area interna dei Nebrodi, i quali da 21 Comuni e una popolazione di oltre 56 mila abitanti, aumenteranno a 29 Comuni, con una popolazione di oltre 78 mila residenti.<div id=\"div-gpt-ad-Messinaoggi.it-DSK-300x250-corpoart\" style=\"text-align:center;margin:0 auto;\"><\/div><\/p>\n\n\n\n<p>\u201c\u00c8 stato un lavoro lungo e faticoso, ma ci siamo riusciti. Da deputato regionale nei mesi scorsi \u2013 commenta soddisfatta l\u2019on. <strong>Bernardette Grasso<\/strong> &#8211; ho avviato intense interlocuzioni con il Ministro del Sud <strong>Mara Carfagna,<\/strong> il suo consigliere <strong>Domenico Gambacorta<\/strong> e i vertici regionali, affinch\u00e9 ampliassero i confini dell\u2019Area interna nel ciclo di programmazione 2021\/2027. La Regione Siciliana aveva recepito la richiesta del territorio di allargare l\u2019Area interna dei Nebrodi, cosa che invece non aveva fatto Roma, ritenendola gi\u00e0 vasta. Il senso del mio confronto con il Ministro Carfagna e i suoi funzionari all\u2019interno del tavolo tecnico che ho chiesto di aprire \u00e8 proprio questo: chiedere di allargare un\u2019Area da loro giudicata gi\u00e0 vasta, cercando di spiegarne la bont\u00e0 in termini di ricadute economiche e di servizi al cittadino. Grazie a tale serrato confronto, oggi possiamo finalmente affermare che la richiesta di rimodulazione dell\u2019Area Interna \u00e8 stata accolta, coinvolgendo una pi\u00f9 ampia porzione di territorio, altrettanto importante per lo sviluppo dell\u2019intero comprensorio nebroideo\u201d.<div id=\"videoincontent\" style=\"clear:both\";><\/div><\/p>\n\n\n\n<p>Pertanto, ai Comuni di Alcara li Fusi, Caronia, Castel di Lucio, Castell&#8217;Umberto, Frazzan\u00f2, Galati Mamertino, Longi, Militello Rosmarino, Mirto, Mistretta, Motta d&#8217;Affermo, Naso, Pettineo, Reitano, San Fratello, San Marco d&#8217;Alunzio, San Salvatore di Fitalia, Sant&#8217;Agata di Militello, Santo Stefano di Camastra, Tortorici e Tusa, nel rispetto dei criteri di funzionalit\u00e0 e complementariet\u00e0, sono stati aggiunti i Comuni di Acquedolci, Capizzi, Capri Leone, Floresta, Raccuja, Sinagra, Torrenova e Ucria.<\/p>\n\n\n\n<p>\u201cNonostante gli iniziali ostacoli, Roma ha accolto quanto da noi \u00e8 stato sempre rivendicato \u2013 continua l\u2019Esponente di Forza Italia \u2013 ovvero che l\u2019Area Interna debba includere quei Comuni che pur facendo parte per storia, tradizione e geografia dell\u2019Area strategica dei Nebrodi, ne erano esclusi in quella di progetto, precludendo loro l\u2019accesso alle risorse. Da oggi per\u00f2 non sar\u00e0 pi\u00f9 cos\u00ec. L&#8217;ampliamento garantir\u00e0 benefici in coerenza con le reali dinamiche dell\u2019Area dei Nebrodi e soprattutto dell\u2019auspicata condivisione dei servizi. Mi riferisco a quelli essenziali legati alla sanit\u00e0, all\u2019istruzione, alla mobilit\u00e0 &#8211; con il ripristino delle strade provinciali &#8211; e la riqualificazione urbana dei centri storici, per rilanciare anche lo sviluppo turistico dell&#8217;Area interna&#8221;.<\/p>\n\n\n\n<p>\u201cRicordo \u2013 conclude Grasso \u2013 che tale allargamento dovr\u00e0 essere accompagnato dalla realizzazione del doppio binario Castelbuono\/Patti, che continuer\u00f2 a seguire e grazie al quale si consentir\u00e0 il collegamento con l\u2019altra area strategica che include Capo d\u2019Orlando. Come ho sempre auspicato, con la nuova Area interna allargata, i Comuni avranno maggiori responsabilit\u00e0, non solo nella fase di programmazione ma anche in quella di gestione e attuazione dei progetti, grazie anche alla creazione di un Ufficio comune in grado di fare da raccordo e rispondere alle diverse mansioni ad esso delegate\u201d.<\/p>\n","protected":false},"excerpt":{"rendered":"<p>Con una delibera di Giunta regionale sono appena stati ridefiniti i confini dell\u2019Area interna dei Nebrodi, i quali da 21 Comuni e una popolazione di oltre 56 mila abitanti, aumenteranno a 29 Comuni, con una popolazione di oltre 78 mila residenti. \u201c\u00c8 stato un lavoro lungo e faticoso, ma ci siamo riusciti. Da deputato regionale [&hellip;]<\/p>\n","protected":false},"author":123457,"featured_media":44001,"comment_status":"open","ping_status":"open","sticky":false,"template":"","format":"standard","meta":{"ub_ctt_via":"","_mi_skip_tracking":false},"categories":[4],"tags":[],"featured_image_src":"https:\/\/www.messinaoggi.it\/website\/wp-content\/uploads\/2020\/05\/Bernardette-Grasso-1.jpg","author_info":{"display_name":"Michele Bruno","author_link":"https:\/\/www.messinaoggi.it\/website\/author\/michele-bruno\/"},"digistream_id":0,"digistream":false,"_links":{"self":[{"href":"https:\/\/www.messinaoggi.it\/website\/wp-json\/wp\/v2\/posts\/124457"}],"collection":[{"href":"https:\/\/www.messinaoggi.it\/website\/wp-json\/wp\/v2\/posts"}],"about":[{"href":"https:\/\/www.messinaoggi.it\/website\/wp-json\/wp\/v2\/types\/post"}],"author":[{"embeddable":true,"href":"https:\/\/www.messinaoggi.it\/website\/wp-json\/wp\/v2\/users\/123457"}],"replies":[{"embeddable":true,"href":"https:\/\/www.messinaoggi.it\/website\/wp-json\/wp\/v2\/comments?post=124457"}],"version-history":[{"count":1,"href":"https:\/\/www.messinaoggi.it\/website\/wp-json\/wp\/v2\/posts\/124457\/revisions"}],"predecessor-version":[{"id":124458,"href":"https:\/\/www.messinaoggi.it\/website\/wp-json\/wp\/v2\/posts\/124457\/revisions\/124458"}],"wp:featuredmedia":[{"embeddable":true,"href":"https:\/\/www.messinaoggi.it\/website\/wp-json\/wp\/v2\/media\/44001"}],"wp:attachment":[{"href":"https:\/\/www.messinaoggi.it\/website\/wp-json\/wp\/v2\/media?parent=124457"}],"wp:term":[{"taxonomy":"category","embeddable":true,"href":"https:\/\/www.messinaoggi.it\/website\/wp-json\/wp\/v2\/categories?post=124457"},{"taxonomy":"post_tag","embeddable":true,"href":"https:\/\/www.messinaoggi.it\/website\/wp-json\/wp\/v2\/tags?post=124457"}],"curies":[{"name":"wp","href":"https:\/\/api.w.org\/{rel}","templated":true}]}}