{"id":124430,"date":"2022-10-05T09:07:52","date_gmt":"2022-10-05T07:07:52","guid":{"rendered":"https:\/\/www.messinaoggi.it\/website\/2022\/10\/05\/pd-provenzano-basta-governismo-costruiamo-lalternativa\/"},"modified":"2022-10-05T09:07:52","modified_gmt":"2022-10-05T07:07:52","slug":"pd-provenzano-basta-governismo-costruiamo-lalternativa","status":"publish","type":"post","link":"https:\/\/www.messinaoggi.it\/website\/2022\/10\/05\/pd-provenzano-basta-governismo-costruiamo-lalternativa\/","title":{"rendered":"Pd, Provenzano \u201cBasta governismo, costruiamo l\u2019alternativa\u201d"},"content":{"rendered":"<div>ROMA (ITALPRESS) &#8211; &#8220;Ora basta governismo, costruiamo l&#8217;alternativa&#8221;. Lo dice il vicesegretario del Pd, Giuseppe Provenzano, in un&#8217;intervista a &#8220;La Stampa&#8221; in cui ribadisce di non volersi candidare alla guida del partito. &#8220;Siamo stati sconfitti, ma non siamo vinti. Dobbiamo discutere a fondo, anzi forse dovremo farlo per la prima volta. E non da soli. Non c&#8217;\u00e8 stata un&#8217;onda nera, la destra ha preso i suoi voti ma attenzione, l&#8217;onda potrebbe arrivare adesso se lasciamo sguarnito il fronte dell&#8217;opposizione&#8221;. Secondo Provenzano &#8220;bisogna costruire un nuovo Pd, affrontare finalmente il nodo della sua identit\u00e0. Si riparte dalle fondamenta, non dal nome. E l&#8217;opposizione pu\u00f2 essere un&#8217;opportunit\u00e0&#8221;. Il governismo \u00e8 stato &#8220;l&#8217;errore di fondo&#8221; del Pd.<br \/>\n&#8220;Ogni volta c&#8217;\u00e8 stata una ragione, una giustificazione, per\u00f2 alla lunga questo toglie credibilit\u00e0. Se non hai un&#8217;identit\u00e0 riconoscibile \u00e8 il governo stesso la tua identit\u00e0. Non possiamo dire, come Jessica Rabbit, che ci disegnano cos\u00ec. Perch\u00e8 noi siamo cos\u00ec, a tutti i livelli, dal nazionale al locale. Svolgiamo una funzione di governo, ma non una funzione politica. Quella per cui le persone o i gruppi sociali ti affidano le loro istanze e sanno che le porti avanti&#8221;, prosegue Provenzano.<br \/>\nIl partito, osserva Provenzano, non deve sciogliersi ma &#8220;solo sciogliere le contraddizioni. In 11 anni di governo, su 15 di vita, abbiamo detto tutto e il contrario di tutto. Un grande partito dev&#8217;essere plurale, ma su alcuni punti fondamentali non puoi avere due linee&#8221;. &#8220;Peggio della sconfitta, \u00e8 stata la reazione della sconfitta&#8221;, evidenzia. &#8220;Io non mi candido&#8221; alla segreteria, &#8220;\u00e8 un nome in meno. Voglio confrontarmi sulla politica&#8221;.<div id=\"div-gpt-ad-Messinaoggi.it-DSK-300x250-corpoart\" style=\"text-align:center;margin:0 auto;\"><\/div><\/p>\n<p>&#8211; foto agenziafotogramma.it &#8211;<br \/>\n(ITALPRESS).<div id=\"videoincontent\" style=\"clear:both\";><\/div><\/p><\/div>\n","protected":false},"excerpt":{"rendered":"<p>ROMA (ITALPRESS) &#8211; &#8220;Ora basta governismo, costruiamo l&#8217;alternativa&#8221;. Lo dice il vicesegretario del Pd, Giuseppe Provenzano, in un&#8217;intervista a &#8220;La Stampa&#8221; in cui ribadisce di non volersi candidare alla guida del partito. &#8220;Siamo stati sconfitti, ma non siamo vinti. Dobbiamo discutere a fondo, anzi forse dovremo farlo per la prima volta. E non da soli. [&hellip;]<\/p>\n","protected":false},"author":18,"featured_media":124431,"comment_status":"closed","ping_status":"closed","sticky":false,"template":"","format":"standard","meta":{"ub_ctt_via":"","_mi_skip_tracking":false},"categories":[446],"tags":[783],"featured_image_src":"https:\/\/www.messinaoggi.it\/website\/wp-content\/uploads\/2022\/10\/20221005_0077.jpg","author_info":{"display_name":"Admin","author_link":"https:\/\/www.messinaoggi.it\/website\/author\/admin\/"},"digistream_id":0,"digistream":false,"_links":{"self":[{"href":"https:\/\/www.messinaoggi.it\/website\/wp-json\/wp\/v2\/posts\/124430"}],"collection":[{"href":"https:\/\/www.messinaoggi.it\/website\/wp-json\/wp\/v2\/posts"}],"about":[{"href":"https:\/\/www.messinaoggi.it\/website\/wp-json\/wp\/v2\/types\/post"}],"author":[{"embeddable":true,"href":"https:\/\/www.messinaoggi.it\/website\/wp-json\/wp\/v2\/users\/18"}],"replies":[{"embeddable":true,"href":"https:\/\/www.messinaoggi.it\/website\/wp-json\/wp\/v2\/comments?post=124430"}],"version-history":[{"count":0,"href":"https:\/\/www.messinaoggi.it\/website\/wp-json\/wp\/v2\/posts\/124430\/revisions"}],"wp:featuredmedia":[{"embeddable":true,"href":"https:\/\/www.messinaoggi.it\/website\/wp-json\/wp\/v2\/media\/124431"}],"wp:attachment":[{"href":"https:\/\/www.messinaoggi.it\/website\/wp-json\/wp\/v2\/media?parent=124430"}],"wp:term":[{"taxonomy":"category","embeddable":true,"href":"https:\/\/www.messinaoggi.it\/website\/wp-json\/wp\/v2\/categories?post=124430"},{"taxonomy":"post_tag","embeddable":true,"href":"https:\/\/www.messinaoggi.it\/website\/wp-json\/wp\/v2\/tags?post=124430"}],"curies":[{"name":"wp","href":"https:\/\/api.w.org\/{rel}","templated":true}]}}