{"id":124333,"date":"2022-10-04T15:14:48","date_gmt":"2022-10-04T13:14:48","guid":{"rendered":"http:\/\/www.messinaoggi.it\/website\/?p=124333"},"modified":"2022-10-04T15:16:59","modified_gmt":"2022-10-04T13:16:59","slug":"ruba-cialde-di-caffe-al-centro-commerciale-arrestato","status":"publish","type":"post","link":"https:\/\/www.messinaoggi.it\/website\/2022\/10\/04\/ruba-cialde-di-caffe-al-centro-commerciale-arrestato\/","title":{"rendered":"Ruba cialde di caff\u00e8 al centro commerciale: arrestato"},"content":{"rendered":"\n<p>Si \u00e8 introdotto all\u2019interno del centro commerciale scavalcando il cancello all\u2019ingresso. Ha raggiunto il negozio preso di mira, forzandone la serratura. A tradirlo il sistema di video sorveglianza attraverso cui \u00e8 stata rilevata la sua presenza all\u2019interno dell\u2019esercizio e che lo ha ripreso mentre selezionava con cura gli scatoli di cialde e capsule da caff\u00e8. Non era la prima volta che l\u2019uomo commetteva quel genere di furto: il trentenne, con precedenti specifici, era stato gi\u00e0 denunciato in altre occasioni dai poliziotti delle Volanti per furti consumati con lo stesso\u00a0<em>modus operandi<\/em>\u00a0presso il medesimo esercizio. Stavolta, per\u00f2, gli Agenti lo hanno colto in flagranza.<div id=\"div-gpt-ad-Messinaoggi.it-DSK-300x250-corpoart\" style=\"text-align:center;margin:0 auto;\"><\/div><\/p>\n\n\n\n<p>\u00c8 accaduto ieri, intorno alla mezzanotte, nella zona sud della citt\u00e0. Ad aspettare il trentenne messinese all\u2019uscita c\u2019erano gli agenti delle Volanti che, giunti rapidamente su segnalazione della sala operativa, avevano gi\u00e0 bloccato le potenziali vie di fuga.<div id=\"videoincontent\" style=\"clear:both\";><\/div><\/p>\n\n\n\n<p>Il trentenne aveva con s\u00e9 due buste cariche della refurtiva per un valore di 100 euro. Nella tasca del pantalone, i poliziotti hanno rinvenuto e sequestrato il cosiddetto\u00a0<em>spadino<\/em>, strumento di effrazione con cui, con ogni probabilit\u00e0, l\u2019uomo aveva forzato la porta d\u2019ingresso del negozio, danneggiandola.<\/p>\n\n\n\n<p>Dopo l\u2019arresto, su disposizione dell\u2019Autorit\u00e0 Giudiziaria, il trentenne \u00e8 stato sottoposto agli arresti domiciliari. La merce sottratta \u00e8 stata riconsegnata al legittimo proprietario.<\/p>\n","protected":false},"excerpt":{"rendered":"<p>Si \u00e8 introdotto all\u2019interno del centro commerciale scavalcando il cancello all\u2019ingresso. Ha raggiunto il negozio preso di mira, forzandone la serratura. A tradirlo il sistema di video sorveglianza attraverso cui \u00e8 stata rilevata la sua presenza all\u2019interno dell\u2019esercizio e che lo ha ripreso mentre selezionava con cura gli scatoli di cialde e capsule da caff\u00e8. [&hellip;]<\/p>\n","protected":false},"author":4,"featured_media":86959,"comment_status":"open","ping_status":"open","sticky":false,"template":"","format":"standard","meta":{"ub_ctt_via":"","_mi_skip_tracking":false},"categories":[5],"tags":[5137,5138],"featured_image_src":"https:\/\/www.messinaoggi.it\/website\/wp-content\/uploads\/2021\/11\/polizia-1.jpg","author_info":{"display_name":"redme","author_link":"https:\/\/www.messinaoggi.it\/website\/author\/redme\/"},"digistream_id":0,"digistream":false,"_links":{"self":[{"href":"https:\/\/www.messinaoggi.it\/website\/wp-json\/wp\/v2\/posts\/124333"}],"collection":[{"href":"https:\/\/www.messinaoggi.it\/website\/wp-json\/wp\/v2\/posts"}],"about":[{"href":"https:\/\/www.messinaoggi.it\/website\/wp-json\/wp\/v2\/types\/post"}],"author":[{"embeddable":true,"href":"https:\/\/www.messinaoggi.it\/website\/wp-json\/wp\/v2\/users\/4"}],"replies":[{"embeddable":true,"href":"https:\/\/www.messinaoggi.it\/website\/wp-json\/wp\/v2\/comments?post=124333"}],"version-history":[{"count":1,"href":"https:\/\/www.messinaoggi.it\/website\/wp-json\/wp\/v2\/posts\/124333\/revisions"}],"predecessor-version":[{"id":124334,"href":"https:\/\/www.messinaoggi.it\/website\/wp-json\/wp\/v2\/posts\/124333\/revisions\/124334"}],"wp:featuredmedia":[{"embeddable":true,"href":"https:\/\/www.messinaoggi.it\/website\/wp-json\/wp\/v2\/media\/86959"}],"wp:attachment":[{"href":"https:\/\/www.messinaoggi.it\/website\/wp-json\/wp\/v2\/media?parent=124333"}],"wp:term":[{"taxonomy":"category","embeddable":true,"href":"https:\/\/www.messinaoggi.it\/website\/wp-json\/wp\/v2\/categories?post=124333"},{"taxonomy":"post_tag","embeddable":true,"href":"https:\/\/www.messinaoggi.it\/website\/wp-json\/wp\/v2\/tags?post=124333"}],"curies":[{"name":"wp","href":"https:\/\/api.w.org\/{rel}","templated":true}]}}