{"id":124288,"date":"2022-10-04T10:17:52","date_gmt":"2022-10-04T08:17:52","guid":{"rendered":"https:\/\/www.messinaoggi.it\/website\/2022\/10\/04\/generale-luzi-la-mafia-e-meno-forte-ma-non-bisogna-abbassare-la-guardia\/"},"modified":"2022-10-04T11:11:22","modified_gmt":"2022-10-04T09:11:22","slug":"generale-luzi-la-mafia-e-meno-forte-ma-non-bisogna-abbassare-la-guardia","status":"publish","type":"post","link":"https:\/\/www.messinaoggi.it\/website\/2022\/10\/04\/generale-luzi-la-mafia-e-meno-forte-ma-non-bisogna-abbassare-la-guardia\/","title":{"rendered":"Generale Luzi \u201cLa mafia \u00e8 meno forte ma non bisogna abbassare la guardia\u201d"},"content":{"rendered":"<div>\n<p>PALERMO (ITALPRESS) \u2013 \u201cParlare di meno potere delle famiglie mafiose palermitane \u00e8 un errore\u201d. A lanciare l\u2019avvertimento \u00e8 il Comandante generale dei Carabinieri, generale di Corpo d\u2019armata Teo Luzi, in un\u2019intervista al Giornale di Sicilia.<br \/>\u201cLa mafia \u2013 spiega \u2013 rimane sempre un fenomeno criminale importante: probabilmente non ha pi\u00f9 l\u2019organizzazione e la forza di un tempo ma non credo che vada sottovalutata, \u00e8 necessaria la massima attenzione da parte della magistratura e degli organi investigativi ma anche della societ\u00e0 civile perch\u00e8 l\u2019approccio deve essere anche di tipo culturale. E devo dire che la citt\u00e0 di Palermo, che conosco per avere guidato il Comando provinciale, negli ultimi venti anni ha fatto dei passi da gigante soprattutto nelle fasce pi\u00f9 giovani anche se rimangono alcuni gravi problemi\u201d.<br \/>Il generale Luzi si dice certo che il boss latitante Matteo Messina Denaro \u201cverr\u00e0 arrestato\u201d. \u201cCarabinieri, Polizia e Guardia di finanza, sotto la direzione della Dda \u2013 aggiunge -, stanno lavorando in maniera altamente professionale, con grandissimo impegno e con grandissime difficolt\u00e0 affinch\u00e8 ci\u00f2 avvenga\u201d.<br \/>\u201cI canali su cui oggi si muove il crimine organizzato \u2013 sottolinea il Comandante generale dei Carabinieri \u2013 sono molti ma da un punto di vista dei flussi finanziari gli elementi pi\u00f9 importanti su cui si basa il grande potere della mafia siciliana, e soprattutto della \u2018Ndrangheta calabrese, \u00e8 rappresentato proprio dal narcotraffico e dal riciclaggio di denaro\u201d.<br \/>In merito poi al rischio rappresentato dai tentativi di infiltrazione delle mafie negli enti pubblici per agganciare una parte dei fondi del Pnrr, il generale Luzi dice: \u201cParliamo di miliardi in ballo, \u00e8 ovvio che la mafia nelle sue diverse manifestazioni sia interessata. Per\u00f2 sono anche fiducioso perch\u00e8 abbiamo un quadro normativo forte sia in termini di prevenzione con le responsabilit\u00e0 che si incentrano sulle Prefetture, sia come competenza e bravura nella repressione da parte della magistratura e delle forze di polizia. Sul Pnrr le attivit\u00e0 investigative sono partite nell\u2019immediatezza, il che significa che se qualcosa sfugge, molto sar\u00e0 intercettato. Una grossa fetta dei fondi sono al Sud, per\u00f2 decine di miliardi riguardano il Nord, dal punto di vista della prevenzione non cambia nulla per cui vorrei dare un segnale di ottimismo e di fiducia. Bisogna lavorare e stare attenti a non abbassare la guardia\u201d.<br \/>credit photo agenziafotogramma.it<br \/>(ITALPRESS).<div id=\"div-gpt-ad-Messinaoggi.it-DSK-300x250-corpoart\" style=\"text-align:center;margin:0 auto;\"><\/div><\/p>\n<\/div>\n<div id=\"videoincontent\" style=\"clear:both\";><\/div>","protected":false},"excerpt":{"rendered":"<p>PALERMO (ITALPRESS) \u2013 \u201cParlare di meno potere delle famiglie mafiose palermitane \u00e8 un errore\u201d. A lanciare l\u2019avvertimento \u00e8 il Comandante generale dei Carabinieri, generale di Corpo d\u2019armata Teo Luzi, in un\u2019intervista al Giornale di Sicilia.\u201cLa mafia \u2013 spiega \u2013 rimane sempre un fenomeno criminale importante: probabilmente non ha pi\u00f9 l\u2019organizzazione e la forza di un [&hellip;]<\/p>\n","protected":false},"author":18,"featured_media":124289,"comment_status":"closed","ping_status":"closed","sticky":false,"template":"","format":"standard","meta":{"ub_ctt_via":"","_mi_skip_tracking":false},"categories":[11,2449],"tags":[783],"featured_image_src":"https:\/\/www.messinaoggi.it\/website\/wp-content\/uploads\/2022\/10\/20221004_0133.jpg","author_info":{"display_name":"Admin","author_link":"https:\/\/www.messinaoggi.it\/website\/author\/admin\/"},"digistream_id":0,"digistream":false,"_links":{"self":[{"href":"https:\/\/www.messinaoggi.it\/website\/wp-json\/wp\/v2\/posts\/124288"}],"collection":[{"href":"https:\/\/www.messinaoggi.it\/website\/wp-json\/wp\/v2\/posts"}],"about":[{"href":"https:\/\/www.messinaoggi.it\/website\/wp-json\/wp\/v2\/types\/post"}],"author":[{"embeddable":true,"href":"https:\/\/www.messinaoggi.it\/website\/wp-json\/wp\/v2\/users\/18"}],"replies":[{"embeddable":true,"href":"https:\/\/www.messinaoggi.it\/website\/wp-json\/wp\/v2\/comments?post=124288"}],"version-history":[{"count":1,"href":"https:\/\/www.messinaoggi.it\/website\/wp-json\/wp\/v2\/posts\/124288\/revisions"}],"predecessor-version":[{"id":124299,"href":"https:\/\/www.messinaoggi.it\/website\/wp-json\/wp\/v2\/posts\/124288\/revisions\/124299"}],"wp:featuredmedia":[{"embeddable":true,"href":"https:\/\/www.messinaoggi.it\/website\/wp-json\/wp\/v2\/media\/124289"}],"wp:attachment":[{"href":"https:\/\/www.messinaoggi.it\/website\/wp-json\/wp\/v2\/media?parent=124288"}],"wp:term":[{"taxonomy":"category","embeddable":true,"href":"https:\/\/www.messinaoggi.it\/website\/wp-json\/wp\/v2\/categories?post=124288"},{"taxonomy":"post_tag","embeddable":true,"href":"https:\/\/www.messinaoggi.it\/website\/wp-json\/wp\/v2\/tags?post=124288"}],"curies":[{"name":"wp","href":"https:\/\/api.w.org\/{rel}","templated":true}]}}