{"id":124274,"date":"2022-10-04T07:32:55","date_gmt":"2022-10-04T05:32:55","guid":{"rendered":"http:\/\/www.messinaoggi.it\/website\/?p=124274"},"modified":"2022-10-04T07:32:57","modified_gmt":"2022-10-04T05:32:57","slug":"mafia-riabilitato-lex-presidente-cuffaro","status":"publish","type":"post","link":"https:\/\/www.messinaoggi.it\/website\/2022\/10\/04\/mafia-riabilitato-lex-presidente-cuffaro\/","title":{"rendered":"Mafia, riabilitato l&#8217;ex presidente Cuffaro"},"content":{"rendered":"\n<p>L&#8217;ex presidente della Regione siciliana Tot\u00f2 Cuffaro, condannato a 7 anni per favoreggiamento alla mafia, ha ottenuto dal tribunale di sorveglianza di Palermo la riabilitazione, provvedimento che fa cessare gli effetti penali della condanna.<div id=\"div-gpt-ad-Messinaoggi.it-DSK-300x250-corpoart\" style=\"text-align:center;margin:0 auto;\"><\/div><\/p>\n\n\n\n<p>A comunicarlo \u00e8 stato lo stesso ex governatore in un&#8217;intervista al sito livesicilia. La riabilitazione, per\u00f2, non consentir\u00e0 a Cuffaro di superare lo scoglio della interdizione perpetua dai pubblici uffici stabilita nel verdetto e, quindi, di ricandidarsi. <div id=\"videoincontent\" style=\"clear:both\";><\/div><\/p>\n\n\n\n<p>In forza della cosiddetta legge spazzacorrotti dovranno trascorrere 7 anni dal provvedimento di riabilitazione perch\u00e9 si estingua la pena accessoria dell&#8217;interdizione perpetua dai pubblici uffici quando il condannato &#8220;abbia dato prova effettiva e costante di buona condotta&#8221;. <\/p>\n\n\n\n<p>Contro il provvedimento del tribunale di sorveglianza presenter\u00e0 opposizione il legale di Cuffaro, l&#8217;avvocato Marcello Montalbano, secondo il quale all&#8217;ex governatore non si sarebbe dovuta applicare la &#8220;spazzacorrotti&#8221;.<\/p>\n","protected":false},"excerpt":{"rendered":"<p>L&#8217;ex presidente della Regione siciliana Tot\u00f2 Cuffaro, condannato a 7 anni per favoreggiamento alla mafia, ha ottenuto dal tribunale di sorveglianza di Palermo la riabilitazione, provvedimento che fa cessare gli effetti penali della condanna. A comunicarlo \u00e8 stato lo stesso ex governatore in un&#8217;intervista al sito livesicilia. La riabilitazione, per\u00f2, non consentir\u00e0 a Cuffaro di [&hellip;]<\/p>\n","protected":false},"author":8,"featured_media":2189,"comment_status":"open","ping_status":"open","sticky":false,"template":"","format":"standard","meta":{"ub_ctt_via":"","_mi_skip_tracking":false},"categories":[11],"tags":[3285],"featured_image_src":"https:\/\/www.messinaoggi.it\/website\/wp-content\/uploads\/2017\/06\/Cuffaro-2.jpg","author_info":{"display_name":"red..me","author_link":"https:\/\/www.messinaoggi.it\/website\/author\/redstage\/"},"digistream_id":0,"digistream":false,"_links":{"self":[{"href":"https:\/\/www.messinaoggi.it\/website\/wp-json\/wp\/v2\/posts\/124274"}],"collection":[{"href":"https:\/\/www.messinaoggi.it\/website\/wp-json\/wp\/v2\/posts"}],"about":[{"href":"https:\/\/www.messinaoggi.it\/website\/wp-json\/wp\/v2\/types\/post"}],"author":[{"embeddable":true,"href":"https:\/\/www.messinaoggi.it\/website\/wp-json\/wp\/v2\/users\/8"}],"replies":[{"embeddable":true,"href":"https:\/\/www.messinaoggi.it\/website\/wp-json\/wp\/v2\/comments?post=124274"}],"version-history":[{"count":1,"href":"https:\/\/www.messinaoggi.it\/website\/wp-json\/wp\/v2\/posts\/124274\/revisions"}],"predecessor-version":[{"id":124275,"href":"https:\/\/www.messinaoggi.it\/website\/wp-json\/wp\/v2\/posts\/124274\/revisions\/124275"}],"wp:featuredmedia":[{"embeddable":true,"href":"https:\/\/www.messinaoggi.it\/website\/wp-json\/wp\/v2\/media\/2189"}],"wp:attachment":[{"href":"https:\/\/www.messinaoggi.it\/website\/wp-json\/wp\/v2\/media?parent=124274"}],"wp:term":[{"taxonomy":"category","embeddable":true,"href":"https:\/\/www.messinaoggi.it\/website\/wp-json\/wp\/v2\/categories?post=124274"},{"taxonomy":"post_tag","embeddable":true,"href":"https:\/\/www.messinaoggi.it\/website\/wp-json\/wp\/v2\/tags?post=124274"}],"curies":[{"name":"wp","href":"https:\/\/api.w.org\/{rel}","templated":true}]}}