{"id":12427,"date":"2017-12-04T11:33:22","date_gmt":"2017-12-04T10:33:22","guid":{"rendered":"http:\/\/www.messinaoggi.it\/website\/?p=12427"},"modified":"2017-12-04T11:33:22","modified_gmt":"2017-12-04T10:33:22","slug":"ex-lavoratori-promoeco-allamam-la-cisl-mette-fretta-al-consiglio","status":"publish","type":"post","link":"https:\/\/www.messinaoggi.it\/website\/2017\/12\/04\/ex-lavoratori-promoeco-allamam-la-cisl-mette-fretta-al-consiglio\/","title":{"rendered":"Ex lavoratori PromoEco all&#039;Amam, la Cisl mette fretta al Consiglio"},"content":{"rendered":"<p style=\"text-align: justify;\">La delibera per la modifica dello Statuto dell&#8217;Amam \u00e8 da tempo ferma in Consiglio Comunale, un atto che gli ex lavoratori della PromoEco SME impegnati nel servizio Caldaia Sicura, attendono da tempo.<div id=\"div-gpt-ad-Messinaoggi.it-DSK-300x250-corpoart\" style=\"text-align:center;margin:0 auto;\"><\/div><\/p>\n<p style=\"text-align: justify;\">Questi stessi lavoratori, questa mattina, si sono presentati a Palazzo Zanca per chiedere ai consiglieri di dare un colpo di acceleratore alla discussione in aula, in modo tale che questi stessi lavoratori possano essere assorbiti dalla societ\u00e0 del viale Giostra.<div id=\"videoincontent\" style=\"clear:both\";><\/div><\/p>\n<p style=\"text-align: justify;\">Almeno questo \u00e8 l&#8217;auspicio del segretario della Unt Cisl, Nino Alibrandi: &#8220;Questa \u00e8 una battaglia che riguarda tutti i cittadini messinesi che, di fatto, continuano a pagare un servizio che non c&#8217;\u00e8. Il servizio \u00e8 scaduto da oltre un anno &#8211; ha commentato Alibrandi &#8211; e non c&#8217;\u00e8 stata nessuna nuova gara. In questi mesi abbiamo avuto numerosi incontri con l&#8217;assessore De Cola che ci ha pi\u00f9 volte detto che la volont\u00e0 della Giunta \u00e8 quella di procedere con l&#8217;assorbimento dei lavoratori all&#8217;Amam ma molto dipende dalla delibera&#8221;.<\/p>\n<p style=\"text-align: justify;\">Al Comune era presente anche il segretario della Finanza CISL, Giuseppe Crisafulli: &#8220;Questi lavoratori sono stati licenziati il 31 dicembre del 2016. Questo comporta che anche l&#8217;aiuto degli ammortizzatori sociali sta per finire&#8221;.<\/p>\n","protected":false},"excerpt":{"rendered":"<p>La delibera per la modifica dello Statuto dell&#8217;Amam \u00e8 da tempo ferma in Consiglio Comunale, un atto che gli ex lavoratori della PromoEco SME impegnati nel servizio Caldaia Sicura, attendono da tempo. Questi stessi lavoratori, questa mattina, si sono presentati a Palazzo Zanca per chiedere ai consiglieri di dare un colpo di acceleratore alla discussione [&hellip;]<\/p>\n","protected":false},"author":1,"featured_media":12413,"comment_status":"closed","ping_status":"open","sticky":false,"template":"","format":"standard","meta":{"ub_ctt_via":"","_mi_skip_tracking":false},"categories":[6],"tags":[],"featured_image_src":"https:\/\/www.messinaoggi.it\/website\/wp-content\/uploads\/2017\/12\/IMG_20171204_102205.jpg","author_info":{"display_name":"admin@admin.com","author_link":"https:\/\/www.messinaoggi.it\/website\/author\/adminadmin-com\/"},"digistream_id":0,"digistream":false,"_links":{"self":[{"href":"https:\/\/www.messinaoggi.it\/website\/wp-json\/wp\/v2\/posts\/12427"}],"collection":[{"href":"https:\/\/www.messinaoggi.it\/website\/wp-json\/wp\/v2\/posts"}],"about":[{"href":"https:\/\/www.messinaoggi.it\/website\/wp-json\/wp\/v2\/types\/post"}],"author":[{"embeddable":true,"href":"https:\/\/www.messinaoggi.it\/website\/wp-json\/wp\/v2\/users\/1"}],"replies":[{"embeddable":true,"href":"https:\/\/www.messinaoggi.it\/website\/wp-json\/wp\/v2\/comments?post=12427"}],"version-history":[{"count":0,"href":"https:\/\/www.messinaoggi.it\/website\/wp-json\/wp\/v2\/posts\/12427\/revisions"}],"wp:featuredmedia":[{"embeddable":true,"href":"https:\/\/www.messinaoggi.it\/website\/wp-json\/wp\/v2\/media\/12413"}],"wp:attachment":[{"href":"https:\/\/www.messinaoggi.it\/website\/wp-json\/wp\/v2\/media?parent=12427"}],"wp:term":[{"taxonomy":"category","embeddable":true,"href":"https:\/\/www.messinaoggi.it\/website\/wp-json\/wp\/v2\/categories?post=12427"},{"taxonomy":"post_tag","embeddable":true,"href":"https:\/\/www.messinaoggi.it\/website\/wp-json\/wp\/v2\/tags?post=12427"}],"curies":[{"name":"wp","href":"https:\/\/api.w.org\/{rel}","templated":true}]}}