{"id":124231,"date":"2022-10-03T19:07:53","date_gmt":"2022-10-03T17:07:53","guid":{"rendered":"https:\/\/www.messinaoggi.it\/website\/2022\/10\/03\/cingolani-settimana-cruciale-per-il-prezzo-del-gas\/"},"modified":"2022-10-03T19:07:53","modified_gmt":"2022-10-03T17:07:53","slug":"cingolani-settimana-cruciale-per-il-prezzo-del-gas","status":"publish","type":"post","link":"https:\/\/www.messinaoggi.it\/website\/2022\/10\/03\/cingolani-settimana-cruciale-per-il-prezzo-del-gas\/","title":{"rendered":"Cingolani \u201cSettimana cruciale per il prezzo del gas\u201d"},"content":{"rendered":"<div>ROMA (ITALPRESS) &#8211; &#8220;Che sia chiaro: il problema \u00e8 il costo del gas, non la sua disponibilit\u00e0. Ci stiamo facendo del male con un disegno del mercato assolutamente sbagliato, noi \u00e8 oltre un anno che lo diciamo. Su questo si sta finalmente arrivando ad una posizione congiunta, questa settimana sar\u00e0 cruciale, speriamo di riuscire a fare una proposta che accontenti tutti e 27 gli Stati membri&#8221;. Lo ha detto Roberto Cingolani, ministro per la Transizione ecologica, ospite a Restart in onda stasera su Rai2.<br \/>&#8220;L&#8217;aumento di 6-7 volte non \u00e8 giustificato da nessuna tipo di carenza di gas, il problema per l&#8217;Italia non \u00e8 che i russi non danno il gas, l&#8217;Italia ha gi\u00e0 rimpiazzato il gas russo con altre forniture &#8211; ha aggiunto -. Non esiste un motivo per cui il gas debba essere cos\u00ec costoso se non che l&#8217;Europa si affida alle valutazioni del costo del gas attraverso una borsa che utilizza sostanzialmente come riferimento delle proiezioni di costo che in questo momento si basano pi\u00f9 sul timore che manchi il gas che non sulla sua effettiva mancanza&#8221;. <br \/>&#8220;Se la guerra venisse meno e se il gas non venisse pi\u00f9 usato come un&#8217;arma di ricatto, credo che automaticamente la situazione rientrerebbe, questo \u00e8 fuori dubbio. E&#8217; chiaro che adesso il gas \u00e8 utilizzato nelle proiezioni proprio come una minaccia&#8221;, ha proseguito il ministro.<div id=\"div-gpt-ad-Messinaoggi.it-DSK-300x250-corpoart\" style=\"text-align:center;margin:0 auto;\"><\/div><\/p>\n<p>&#8211; foto Agenziafotogramma.it &#8211;<div id=\"videoincontent\" style=\"clear:both\";><\/div><\/p>\n<p>(ITALPRESS).<\/p><\/div>\n","protected":false},"excerpt":{"rendered":"<p>ROMA (ITALPRESS) &#8211; &#8220;Che sia chiaro: il problema \u00e8 il costo del gas, non la sua disponibilit\u00e0. Ci stiamo facendo del male con un disegno del mercato assolutamente sbagliato, noi \u00e8 oltre un anno che lo diciamo. Su questo si sta finalmente arrivando ad una posizione congiunta, questa settimana sar\u00e0 cruciale, speriamo di riuscire a [&hellip;]<\/p>\n","protected":false},"author":18,"featured_media":124232,"comment_status":"closed","ping_status":"closed","sticky":false,"template":"","format":"standard","meta":{"ub_ctt_via":"","_mi_skip_tracking":false},"categories":[446],"tags":[783],"featured_image_src":"https:\/\/www.messinaoggi.it\/website\/wp-content\/uploads\/2022\/10\/20221003_1937.jpg","author_info":{"display_name":"Admin","author_link":"https:\/\/www.messinaoggi.it\/website\/author\/admin\/"},"digistream_id":0,"digistream":false,"_links":{"self":[{"href":"https:\/\/www.messinaoggi.it\/website\/wp-json\/wp\/v2\/posts\/124231"}],"collection":[{"href":"https:\/\/www.messinaoggi.it\/website\/wp-json\/wp\/v2\/posts"}],"about":[{"href":"https:\/\/www.messinaoggi.it\/website\/wp-json\/wp\/v2\/types\/post"}],"author":[{"embeddable":true,"href":"https:\/\/www.messinaoggi.it\/website\/wp-json\/wp\/v2\/users\/18"}],"replies":[{"embeddable":true,"href":"https:\/\/www.messinaoggi.it\/website\/wp-json\/wp\/v2\/comments?post=124231"}],"version-history":[{"count":0,"href":"https:\/\/www.messinaoggi.it\/website\/wp-json\/wp\/v2\/posts\/124231\/revisions"}],"wp:featuredmedia":[{"embeddable":true,"href":"https:\/\/www.messinaoggi.it\/website\/wp-json\/wp\/v2\/media\/124232"}],"wp:attachment":[{"href":"https:\/\/www.messinaoggi.it\/website\/wp-json\/wp\/v2\/media?parent=124231"}],"wp:term":[{"taxonomy":"category","embeddable":true,"href":"https:\/\/www.messinaoggi.it\/website\/wp-json\/wp\/v2\/categories?post=124231"},{"taxonomy":"post_tag","embeddable":true,"href":"https:\/\/www.messinaoggi.it\/website\/wp-json\/wp\/v2\/tags?post=124231"}],"curies":[{"name":"wp","href":"https:\/\/api.w.org\/{rel}","templated":true}]}}