{"id":124227,"date":"2022-10-03T18:07:52","date_gmt":"2022-10-03T16:07:52","guid":{"rendered":"https:\/\/www.messinaoggi.it\/website\/2022\/10\/03\/grillo-formare-le-brigate-di-cittadinanza-al-lavoro-per-la-comunita\/"},"modified":"2022-10-03T18:07:52","modified_gmt":"2022-10-03T16:07:52","slug":"grillo-formare-le-brigate-di-cittadinanza-al-lavoro-per-la-comunita","status":"publish","type":"post","link":"https:\/\/www.messinaoggi.it\/website\/2022\/10\/03\/grillo-formare-le-brigate-di-cittadinanza-al-lavoro-per-la-comunita\/","title":{"rendered":"Grillo \u201cFormare le Brigate di Cittadinanza al lavoro per la comunit\u00e0\u201d"},"content":{"rendered":"<div>ROMA (ITALPRESS) &#8211; &#8220;Oggi, i percettori del reddito di cittadinanza sono circa 3 milioni, molti dei quali con competenze che vorrebbero mettere a disposizione della comunit\u00e0. E infatti sarebbe anche previsto che lo possano fare ma &#8220;qualcuno&#8221; preferisce impedirglielo, creando ostacoli burocratici per renderlo irregolare, se non illegale, perch\u00e8 \u00e8 pi\u00f9 comodo usarli come carne da cannone per fare la guerra ai poveri&#8221;. Lo scrive Beppe Grillo sul suo blog.<br \/>&#8220;Per questo chiamo a rapporto le Brigate di Cittadinanza, cittadini volenterosi che vogliano offrire il loro operato &#8220;illegalmente&#8221; per aiutare la comunit\u00e0 in cui vivono &#8211; aggiunge -, con lavori e opere di bene nel proprio quartiere o nel proprio paese, perch\u00e8 servire la comunit\u00e0 \u00e8 un dovere ma anche e soprattutto un diritto di ognuno. Cittadini che si possano sentire liberi di poter riparare una panchina dismessa, ripristinare un giardino abbandonato, costruire giochi per i bimbi, mettersi a disposizione per il prossimo. Brigatisti di Cittadinanza, abbiamo bisogno di voi! Abbiamo bisogno della vostra abilit\u00e0 e della vostra partecipazione!&#8221;.<br \/>&#8211; foto agenziafotogramma.it-<br \/>(ITALPRESS).<\/div>\n<div id=\"div-gpt-ad-Messinaoggi.it-DSK-300x250-corpoart\" style=\"text-align:center;margin:0 auto;\"><\/div><\/p><div id=\"videoincontent\" style=\"clear:both\";><\/div>","protected":false},"excerpt":{"rendered":"<p>ROMA (ITALPRESS) &#8211; &#8220;Oggi, i percettori del reddito di cittadinanza sono circa 3 milioni, molti dei quali con competenze che vorrebbero mettere a disposizione della comunit\u00e0. E infatti sarebbe anche previsto che lo possano fare ma &#8220;qualcuno&#8221; preferisce impedirglielo, creando ostacoli burocratici per renderlo irregolare, se non illegale, perch\u00e8 \u00e8 pi\u00f9 comodo usarli come carne [&hellip;]<\/p>\n","protected":false},"author":18,"featured_media":124228,"comment_status":"closed","ping_status":"closed","sticky":false,"template":"","format":"standard","meta":{"ub_ctt_via":"","_mi_skip_tracking":false},"categories":[446],"tags":[783],"featured_image_src":"https:\/\/www.messinaoggi.it\/website\/wp-content\/uploads\/2022\/10\/20221003_1677.jpg","author_info":{"display_name":"Admin","author_link":"https:\/\/www.messinaoggi.it\/website\/author\/admin\/"},"digistream_id":0,"digistream":false,"_links":{"self":[{"href":"https:\/\/www.messinaoggi.it\/website\/wp-json\/wp\/v2\/posts\/124227"}],"collection":[{"href":"https:\/\/www.messinaoggi.it\/website\/wp-json\/wp\/v2\/posts"}],"about":[{"href":"https:\/\/www.messinaoggi.it\/website\/wp-json\/wp\/v2\/types\/post"}],"author":[{"embeddable":true,"href":"https:\/\/www.messinaoggi.it\/website\/wp-json\/wp\/v2\/users\/18"}],"replies":[{"embeddable":true,"href":"https:\/\/www.messinaoggi.it\/website\/wp-json\/wp\/v2\/comments?post=124227"}],"version-history":[{"count":0,"href":"https:\/\/www.messinaoggi.it\/website\/wp-json\/wp\/v2\/posts\/124227\/revisions"}],"wp:featuredmedia":[{"embeddable":true,"href":"https:\/\/www.messinaoggi.it\/website\/wp-json\/wp\/v2\/media\/124228"}],"wp:attachment":[{"href":"https:\/\/www.messinaoggi.it\/website\/wp-json\/wp\/v2\/media?parent=124227"}],"wp:term":[{"taxonomy":"category","embeddable":true,"href":"https:\/\/www.messinaoggi.it\/website\/wp-json\/wp\/v2\/categories?post=124227"},{"taxonomy":"post_tag","embeddable":true,"href":"https:\/\/www.messinaoggi.it\/website\/wp-json\/wp\/v2\/tags?post=124227"}],"curies":[{"name":"wp","href":"https:\/\/api.w.org\/{rel}","templated":true}]}}