{"id":124202,"date":"2022-10-03T15:07:55","date_gmt":"2022-10-03T13:07:55","guid":{"rendered":"https:\/\/www.messinaoggi.it\/website\/2022\/10\/03\/inzaghi-girone-champions-di-ferro-ma-vogliamo-giocarcela\/"},"modified":"2022-10-03T16:49:33","modified_gmt":"2022-10-03T14:49:33","slug":"inzaghi-girone-champions-di-ferro-ma-vogliamo-giocarcela","status":"publish","type":"post","link":"https:\/\/www.messinaoggi.it\/website\/2022\/10\/03\/inzaghi-girone-champions-di-ferro-ma-vogliamo-giocarcela\/","title":{"rendered":"Inzaghi \u201cGirone Champions di ferro, ma vogliamo giocarcela\u201d"},"content":{"rendered":"<div>MILANO (ITALPRESS) &#8211; &#8220;Il Barcellona \u00e8 completo e fortissimo in tutti i reparti, assieme a Bayern e Manchester City \u00e8 la squadra che offre il miglior calcio d&#8217;Europa&#8221;. Cos\u00ec il tecnico dell&#8217;Inter, Simone Inzaghi, alla vigilia della sfida di Champions League contro il Barcellona. &#8220;La classifica \u00e8 aperta, siamo in un girone di ferro ma siamo l&#8217;Inter e vogliamo giocarcelo con la nostra forza&#8221;, ha aggiunto in conferenza stampa il mister nerazzurro, che ha dato i gradi di titolare tra i pali ad Onana e al centro della difesa a De Vrij. &#8220;Stamattina Lautaro Martinez ha fatto un esame dove non si \u00e8 evidenziato nulla. Ha chiuso la partita affaticato, oggi far\u00e0 un allenamento parziale, poi vedremo le sue condizioni. Sicuramente non ci saranno Brozovic e Lukaku, Lautaro e Gagliardini sono da valutare &#8211; ha proseguito l&#8217;allenatore piacentino &#8211; Veniamo da un momento difficile per i risultati, sabato contro la Roma avremmo meritato altro ma dobbiamo fare di pi\u00f9. La stagione si cambia con le vittorie, domani \u00e8 una grande opportunit\u00e0 contro una delle squadre pi\u00f9 forti d&#8217;Europa, che a Monaco ha perso immeritatamente. Dovremo fare una partita aggressiva e di corsa&#8221;. In virt\u00f9 del momento di crisi dell&#8217;Inter, Inzaghi sa di essere a rischio: &#8220;Noi allenatori dipendiamo dai risultati, non stanno arrivando ed \u00e8 normale che un tecnico sia il primo ad essere in discussione. Siamo e sono abituato. Mia la scelta di non prendere Dybala per Lukaku? Lavoriamo tutti in un&#8217;unica direzione, c&#8217;\u00e8 un confronto quotidiano. Su Dybala e Lukaku \u00e8 stata una scelta condivisa&#8221;, ha concluso Inzaghi.<br \/>&#8211; foto LivePhotoSport &#8211;<br \/>(ITALPRESS).<\/div>\n<div id=\"div-gpt-ad-Messinaoggi.it-DSK-300x250-corpoart\" style=\"text-align:center;margin:0 auto;\"><\/div><\/p><div id=\"videoincontent\" style=\"clear:both\";><\/div>","protected":false},"excerpt":{"rendered":"<p>MILANO (ITALPRESS) &#8211; &#8220;Il Barcellona \u00e8 completo e fortissimo in tutti i reparti, assieme a Bayern e Manchester City \u00e8 la squadra che offre il miglior calcio d&#8217;Europa&#8221;. Cos\u00ec il tecnico dell&#8217;Inter, Simone Inzaghi, alla vigilia della sfida di Champions League contro il Barcellona. &#8220;La classifica \u00e8 aperta, siamo in un girone di ferro ma [&hellip;]<\/p>\n","protected":false},"author":18,"featured_media":124203,"comment_status":"closed","ping_status":"closed","sticky":false,"template":"","format":"standard","meta":{"ub_ctt_via":"","_mi_skip_tracking":false},"categories":[10,446,9],"tags":[783],"featured_image_src":"https:\/\/www.messinaoggi.it\/website\/wp-content\/uploads\/2022\/10\/20221003_0855.jpg","author_info":{"display_name":"Admin","author_link":"https:\/\/www.messinaoggi.it\/website\/author\/admin\/"},"digistream_id":0,"digistream":false,"_links":{"self":[{"href":"https:\/\/www.messinaoggi.it\/website\/wp-json\/wp\/v2\/posts\/124202"}],"collection":[{"href":"https:\/\/www.messinaoggi.it\/website\/wp-json\/wp\/v2\/posts"}],"about":[{"href":"https:\/\/www.messinaoggi.it\/website\/wp-json\/wp\/v2\/types\/post"}],"author":[{"embeddable":true,"href":"https:\/\/www.messinaoggi.it\/website\/wp-json\/wp\/v2\/users\/18"}],"replies":[{"embeddable":true,"href":"https:\/\/www.messinaoggi.it\/website\/wp-json\/wp\/v2\/comments?post=124202"}],"version-history":[{"count":1,"href":"https:\/\/www.messinaoggi.it\/website\/wp-json\/wp\/v2\/posts\/124202\/revisions"}],"predecessor-version":[{"id":124208,"href":"https:\/\/www.messinaoggi.it\/website\/wp-json\/wp\/v2\/posts\/124202\/revisions\/124208"}],"wp:featuredmedia":[{"embeddable":true,"href":"https:\/\/www.messinaoggi.it\/website\/wp-json\/wp\/v2\/media\/124203"}],"wp:attachment":[{"href":"https:\/\/www.messinaoggi.it\/website\/wp-json\/wp\/v2\/media?parent=124202"}],"wp:term":[{"taxonomy":"category","embeddable":true,"href":"https:\/\/www.messinaoggi.it\/website\/wp-json\/wp\/v2\/categories?post=124202"},{"taxonomy":"post_tag","embeddable":true,"href":"https:\/\/www.messinaoggi.it\/website\/wp-json\/wp\/v2\/tags?post=124202"}],"curies":[{"name":"wp","href":"https:\/\/api.w.org\/{rel}","templated":true}]}}