{"id":124198,"date":"2022-10-03T15:07:50","date_gmt":"2022-10-03T13:07:50","guid":{"rendered":"https:\/\/www.messinaoggi.it\/website\/2022\/10\/03\/sequi-allambasciatore-russo-ferma-condanna-ai-referendum-farsa\/"},"modified":"2022-10-03T15:07:50","modified_gmt":"2022-10-03T13:07:50","slug":"sequi-allambasciatore-russo-ferma-condanna-ai-referendum-farsa","status":"publish","type":"post","link":"https:\/\/www.messinaoggi.it\/website\/2022\/10\/03\/sequi-allambasciatore-russo-ferma-condanna-ai-referendum-farsa\/","title":{"rendered":"Sequi all\u2019ambasciatore russo \u201cFerma condanna ai referendum farsa\u201d"},"content":{"rendered":"<div>ROMA (ITALPRESS) &#8211; Il segretario generale della Farnesina, ambasciatore Ettore Francesco Sequi, ha convocato al ministero degli Affari Esteri e della Cooperazione Internazionale l&#8217;ambasciatore russo Sergey Razov, nel contesto di un&#8217;azione coordinata con i partner dell&#8217;Unione Europea.<br \/>Sequi ha innanzitutto espresso &#8220;la pi\u00f9 ferma condanna dell&#8217;Italia per i referendum farsa, illegalmente condotti dalla Federazione Russa per annettere i territori occupati nelle regioni ucraine di Donetsk, Luhansk, Kherson e Zaporizhia&#8221;.<br \/>Il segretario generale della Farnesina ha in seguito esortato le autorit\u00e0 russe &#8220;a revocare tali atti illeciti, il cui esito l&#8217;Italia non intende riconoscere, e a ritirare immediatamente, completamente e senza condizioni le forze russe dal territorio ucraino. La minaccia di impiegare armi nucleari, le gravissime violazioni dei principi e delle regole della Carta delle Nazioni Unite minano gravemente la sicurezza globale&#8221;.<br \/>L&#8217;ambasciatore Sequi ha quindi confermato &#8220;la determinazione italiana ed europea ad aumentare la pressione nei confronti della Federazione russa affinch\u00e8 cessi l&#8217;aggressione&#8221;, ribadendo &#8220;il sostegno dell&#8217;Italia alla piena sovranit\u00e0, indipendenza ed integrit\u00e0 territoriale dell&#8217;Ucraina&#8221;.<br \/>&#8220;Continuiamo a ritenere che la forza del diritto debba prevalere sul diritto della forza&#8221;, ha concluso Sequi.<div id=\"div-gpt-ad-Messinaoggi.it-DSK-300x250-corpoart\" style=\"text-align:center;margin:0 auto;\"><\/div><\/p>\n<p>&#8211; foto Agenziafotogramma.it &#8211;<div id=\"videoincontent\" style=\"clear:both\";><\/div><\/p>\n<p>(ITALPRESS).<\/p><\/div>\n","protected":false},"excerpt":{"rendered":"<p>ROMA (ITALPRESS) &#8211; Il segretario generale della Farnesina, ambasciatore Ettore Francesco Sequi, ha convocato al ministero degli Affari Esteri e della Cooperazione Internazionale l&#8217;ambasciatore russo Sergey Razov, nel contesto di un&#8217;azione coordinata con i partner dell&#8217;Unione Europea.Sequi ha innanzitutto espresso &#8220;la pi\u00f9 ferma condanna dell&#8217;Italia per i referendum farsa, illegalmente condotti dalla Federazione Russa per [&hellip;]<\/p>\n","protected":false},"author":18,"featured_media":124199,"comment_status":"closed","ping_status":"closed","sticky":false,"template":"","format":"standard","meta":{"ub_ctt_via":"","_mi_skip_tracking":false},"categories":[446],"tags":[783],"featured_image_src":"https:\/\/www.messinaoggi.it\/website\/wp-content\/uploads\/2022\/10\/20221003_0812.jpg","author_info":{"display_name":"Admin","author_link":"https:\/\/www.messinaoggi.it\/website\/author\/admin\/"},"digistream_id":0,"digistream":false,"_links":{"self":[{"href":"https:\/\/www.messinaoggi.it\/website\/wp-json\/wp\/v2\/posts\/124198"}],"collection":[{"href":"https:\/\/www.messinaoggi.it\/website\/wp-json\/wp\/v2\/posts"}],"about":[{"href":"https:\/\/www.messinaoggi.it\/website\/wp-json\/wp\/v2\/types\/post"}],"author":[{"embeddable":true,"href":"https:\/\/www.messinaoggi.it\/website\/wp-json\/wp\/v2\/users\/18"}],"replies":[{"embeddable":true,"href":"https:\/\/www.messinaoggi.it\/website\/wp-json\/wp\/v2\/comments?post=124198"}],"version-history":[{"count":0,"href":"https:\/\/www.messinaoggi.it\/website\/wp-json\/wp\/v2\/posts\/124198\/revisions"}],"wp:featuredmedia":[{"embeddable":true,"href":"https:\/\/www.messinaoggi.it\/website\/wp-json\/wp\/v2\/media\/124199"}],"wp:attachment":[{"href":"https:\/\/www.messinaoggi.it\/website\/wp-json\/wp\/v2\/media?parent=124198"}],"wp:term":[{"taxonomy":"category","embeddable":true,"href":"https:\/\/www.messinaoggi.it\/website\/wp-json\/wp\/v2\/categories?post=124198"},{"taxonomy":"post_tag","embeddable":true,"href":"https:\/\/www.messinaoggi.it\/website\/wp-json\/wp\/v2\/tags?post=124198"}],"curies":[{"name":"wp","href":"https:\/\/api.w.org\/{rel}","templated":true}]}}