{"id":124175,"date":"2022-10-03T12:07:55","date_gmt":"2022-10-03T10:07:55","guid":{"rendered":"https:\/\/www.messinaoggi.it\/website\/2022\/10\/03\/calenda-se-il-pd-insegue-m5s-e-una-linea-diversa-dalla-nostra\/"},"modified":"2022-10-03T16:49:52","modified_gmt":"2022-10-03T14:49:52","slug":"calenda-se-il-pd-insegue-m5s-e-una-linea-diversa-dalla-nostra","status":"publish","type":"post","link":"https:\/\/www.messinaoggi.it\/website\/2022\/10\/03\/calenda-se-il-pd-insegue-m5s-e-una-linea-diversa-dalla-nostra\/","title":{"rendered":"Calenda \u201cSe il Pd insegue M5s \u00e8 una linea diversa dalla nostra\u201d"},"content":{"rendered":"<div>ROMA (ITALPRESS) &#8211; &#8220;Nel Pd c&#8217;\u00e8 un&#8217;area riformista che pensa che la funzione dei progressisti non sia dare sussidi e bonus, ma sia quella di rimettere in piedi sanit\u00e0 e istruzione. A un certo punto il Pd sceglier\u00e0 il M5S, ma ci sar\u00e0 una parte che con quel modo di fare politica non ci sta e verr\u00e0 con noi. Dopodich\u00e8 si parler\u00e0, ci mancherebbe, ma abbiamo un&#8217;idea della politica molto diversa, la linea di Letta nella campagna elettorale \u00e8 stata un inseguimento al M5S, se questa \u00e8 la linea \u00e8 totalmente diversa dalla nostra&#8221;. Lo ha detto il leader di Azione, Carlo Calenda, ad Agor\u00e0 su Rai3. <br \/>(ITALPRESS).<br \/>-foto agenziafotogramma.it-<\/div>\n<div id=\"div-gpt-ad-Messinaoggi.it-DSK-300x250-corpoart\" style=\"text-align:center;margin:0 auto;\"><\/div><\/p><div id=\"videoincontent\" style=\"clear:both\";><\/div>","protected":false},"excerpt":{"rendered":"<p>ROMA (ITALPRESS) &#8211; &#8220;Nel Pd c&#8217;\u00e8 un&#8217;area riformista che pensa che la funzione dei progressisti non sia dare sussidi e bonus, ma sia quella di rimettere in piedi sanit\u00e0 e istruzione. A un certo punto il Pd sceglier\u00e0 il M5S, ma ci sar\u00e0 una parte che con quel modo di fare politica non ci sta [&hellip;]<\/p>\n","protected":false},"author":18,"featured_media":124176,"comment_status":"closed","ping_status":"closed","sticky":false,"template":"","format":"standard","meta":{"ub_ctt_via":"","_mi_skip_tracking":false},"categories":[446,4],"tags":[783],"featured_image_src":"https:\/\/www.messinaoggi.it\/website\/wp-content\/uploads\/2022\/10\/20221003_0360.jpg","author_info":{"display_name":"Admin","author_link":"https:\/\/www.messinaoggi.it\/website\/author\/admin\/"},"digistream_id":0,"digistream":false,"_links":{"self":[{"href":"https:\/\/www.messinaoggi.it\/website\/wp-json\/wp\/v2\/posts\/124175"}],"collection":[{"href":"https:\/\/www.messinaoggi.it\/website\/wp-json\/wp\/v2\/posts"}],"about":[{"href":"https:\/\/www.messinaoggi.it\/website\/wp-json\/wp\/v2\/types\/post"}],"author":[{"embeddable":true,"href":"https:\/\/www.messinaoggi.it\/website\/wp-json\/wp\/v2\/users\/18"}],"replies":[{"embeddable":true,"href":"https:\/\/www.messinaoggi.it\/website\/wp-json\/wp\/v2\/comments?post=124175"}],"version-history":[{"count":1,"href":"https:\/\/www.messinaoggi.it\/website\/wp-json\/wp\/v2\/posts\/124175\/revisions"}],"predecessor-version":[{"id":124210,"href":"https:\/\/www.messinaoggi.it\/website\/wp-json\/wp\/v2\/posts\/124175\/revisions\/124210"}],"wp:featuredmedia":[{"embeddable":true,"href":"https:\/\/www.messinaoggi.it\/website\/wp-json\/wp\/v2\/media\/124176"}],"wp:attachment":[{"href":"https:\/\/www.messinaoggi.it\/website\/wp-json\/wp\/v2\/media?parent=124175"}],"wp:term":[{"taxonomy":"category","embeddable":true,"href":"https:\/\/www.messinaoggi.it\/website\/wp-json\/wp\/v2\/categories?post=124175"},{"taxonomy":"post_tag","embeddable":true,"href":"https:\/\/www.messinaoggi.it\/website\/wp-json\/wp\/v2\/tags?post=124175"}],"curies":[{"name":"wp","href":"https:\/\/api.w.org\/{rel}","templated":true}]}}