{"id":12416,"date":"2017-12-04T11:11:32","date_gmt":"2017-12-04T10:11:32","guid":{"rendered":"http:\/\/www.messinaoggi.it\/website\/?p=12416"},"modified":"2017-12-04T11:11:32","modified_gmt":"2017-12-04T10:11:32","slug":"mercoledi-si-discutera-a-roma-delle-zes-capitalemessina-musumeci-si-batta-per-listituzione-del-polo-messinese","status":"publish","type":"post","link":"https:\/\/www.messinaoggi.it\/website\/2017\/12\/04\/mercoledi-si-discutera-a-roma-delle-zes-capitalemessina-musumeci-si-batta-per-listituzione-del-polo-messinese\/","title":{"rendered":"Mercoled\u00ec si discuter\u00e0 a Roma delle ZES, CapitaleMessina: &#039;Musumeci si batta per l&#039;istituzione del polo messinese&#039;&#039;"},"content":{"rendered":"<p align=\"LEFT\"><span style=\"color: #000000\">\u201c<span style=\"font-family: Arial, sans-serif\"><span style=\"font-size: medium\"><span lang=\"it-IT\">\u00c8 un obbligo morale, oltre che politico, nei riguardi dell\u2019unica citt\u00e0 metropolitana che, a causa delle scelte del Governo nazionale, rischia di perdere <\/span><span lang=\"it-IT\">oltre che l\u2019Autorit\u00e0 portuale anche l\u2019occasione di sviluppo economico offerta dalla ZES\u201d. \u00c8 quanto si legge in una nota di CapitaleMessina, nella quale viene esortato il Governo regionale, che sar\u00e0 ospite a Roma questo mercoled\u00ec, affinch\u00e9 si batta per istituire un terzo polo ZES a beneficio della citt\u00e0 metropolitana di Messina. Infatti, secondo le attuali disposizioni di legge possono beneficiare dello status di Zona economica speciale soltanto due citt\u00e0 per regione, che nel caso siciliano saranno molto probabilmente, sulla base di quanto si apprende dalle dichiarazioni fatte dal Governo nazionale, Catania-Augusta e Palermo.<\/span><\/span><\/span><\/span><div id=\"div-gpt-ad-Messinaoggi.it-DSK-300x250-corpoart\" style=\"text-align:center;margin:0 auto;\"><\/div><\/p>\n<p align=\"LEFT\"><span style=\"color: #000000\">\u201c<span style=\"font-family: Arial, sans-serif\"><span style=\"font-size: medium\"><span lang=\"it-IT\">Nel pomeriggio di mercoled\u00ec \u2013 si legge nella nota \u2013 <\/span><span lang=\"it-IT\">si riunir\u00e0 la Conferenza Unificata con al terzo punto dell\u2019ordine del giorno il &#8216;<\/span><span lang=\"it-IT\"><i>Parere sullo schema di decreto del Presidente del Consiglio dei Ministri concernente l\u2019istituzione delle zone economiche speciali (ZES)&#8217;<\/i><\/span><span lang=\"it-IT\">.<\/span><\/span><\/span><\/span><div id=\"videoincontent\" style=\"clear:both\";><\/div><\/p>\n<p align=\"LEFT\"><span style=\"color: #000000\"><span style=\"font-family: Arial, sans-serif\"><span style=\"font-size: medium\"><span lang=\"it-IT\">Il Governo con il cosiddetto &#8216;Decreto Sud&#8217; ha introdotto le Zone Economiche Speciali, da istituire in aree del Mezzogiorno, destinatarie di importanti benefici fiscali e semplificazioni amministrative.<\/span><\/span><\/span><\/span><\/p>\n<p align=\"LEFT\"><span style=\"color: #000000\"><span style=\"font-family: Arial, sans-serif\"><span style=\"font-size: medium\"><span lang=\"it-IT\">Tuttavia, la legge in questione prevede che si possano istituire al massimo due ZES per regione, e Messina quindi sar\u00e0 quasi certamente esclusa a vantaggio di Catania-Augusta e Palermo, gi\u00e0 indicate in pi\u00f9 occasioni dal Governo come sedi delle future ZES in Sicilia. <\/span><\/span><\/span><\/span><\/p>\n<p align=\"LEFT\"><span style=\"color: #000000\"><span style=\"font-family: Arial, sans-serif\"><span style=\"font-size: medium\"><span lang=\"it-IT\">Il Decreto del Presidente del Consiglio, che \u00e8, come dicevamo, all\u2019ordine del giorno in sede di Conferenza Unificata, detter\u00e0 le &#8216;linee guida&#8217; per l\u2019istituzione delle ZES, per cui <\/span><span lang=\"it-IT\">\u00e8 indispensabile che mercoled\u00ec vi sia la partecipazione forte ed autorevole del Governo siciliano<\/span><span lang=\"it-IT\">, <\/span><span lang=\"it-IT\">che si batta affinch\u00e9 anche Messina abbia la sua zona economica speciale<\/span><span lang=\"it-IT\">\u201d.<\/span><\/span><\/span><\/span><\/p>\n","protected":false},"excerpt":{"rendered":"<p>\u201c\u00c8 un obbligo morale, oltre che politico, nei riguardi dell\u2019unica citt\u00e0 metropolitana che, a causa delle scelte del Governo nazionale, rischia di perdere oltre che l\u2019Autorit\u00e0 portuale anche l\u2019occasione di sviluppo economico offerta dalla ZES\u201d. \u00c8 quanto si legge in una nota di CapitaleMessina, nella quale viene esortato il Governo regionale, che sar\u00e0 ospite a [&hellip;]<\/p>\n","protected":false},"author":8,"featured_media":7771,"comment_status":"closed","ping_status":"open","sticky":false,"template":"","format":"standard","meta":{"ub_ctt_via":"","_mi_skip_tracking":false},"categories":[4],"tags":[],"featured_image_src":"https:\/\/www.messinaoggi.it\/website\/wp-content\/uploads\/2017\/09\/porto-messina-madonnina-e-falce-messinaoggiMR-2.jpg","author_info":{"display_name":"red..me","author_link":"https:\/\/www.messinaoggi.it\/website\/author\/redstage\/"},"digistream_id":0,"digistream":false,"_links":{"self":[{"href":"https:\/\/www.messinaoggi.it\/website\/wp-json\/wp\/v2\/posts\/12416"}],"collection":[{"href":"https:\/\/www.messinaoggi.it\/website\/wp-json\/wp\/v2\/posts"}],"about":[{"href":"https:\/\/www.messinaoggi.it\/website\/wp-json\/wp\/v2\/types\/post"}],"author":[{"embeddable":true,"href":"https:\/\/www.messinaoggi.it\/website\/wp-json\/wp\/v2\/users\/8"}],"replies":[{"embeddable":true,"href":"https:\/\/www.messinaoggi.it\/website\/wp-json\/wp\/v2\/comments?post=12416"}],"version-history":[{"count":0,"href":"https:\/\/www.messinaoggi.it\/website\/wp-json\/wp\/v2\/posts\/12416\/revisions"}],"wp:featuredmedia":[{"embeddable":true,"href":"https:\/\/www.messinaoggi.it\/website\/wp-json\/wp\/v2\/media\/7771"}],"wp:attachment":[{"href":"https:\/\/www.messinaoggi.it\/website\/wp-json\/wp\/v2\/media?parent=12416"}],"wp:term":[{"taxonomy":"category","embeddable":true,"href":"https:\/\/www.messinaoggi.it\/website\/wp-json\/wp\/v2\/categories?post=12416"},{"taxonomy":"post_tag","embeddable":true,"href":"https:\/\/www.messinaoggi.it\/website\/wp-json\/wp\/v2\/tags?post=12416"}],"curies":[{"name":"wp","href":"https:\/\/api.w.org\/{rel}","templated":true}]}}