{"id":12415,"date":"2017-12-04T10:42:21","date_gmt":"2017-12-04T09:42:21","guid":{"rendered":"http:\/\/www.messinaoggi.it\/website\/?p=12415"},"modified":"2017-12-04T10:42:21","modified_gmt":"2017-12-04T09:42:21","slug":"anarchia-a-provinciale-vaccarino-e-barresi-sollecitano-il-potenziamento-dei-vigili-urbani","status":"publish","type":"post","link":"https:\/\/www.messinaoggi.it\/website\/2017\/12\/04\/anarchia-a-provinciale-vaccarino-e-barresi-sollecitano-il-potenziamento-dei-vigili-urbani\/","title":{"rendered":"Anarchia a Provinciale, Vaccarino e Barresi sollecitano il potenziamento dei vigili urbani"},"content":{"rendered":"<div>Ci siamo occupati dell&#8217;inferno di Minissale, denunciando una situazione viaria non pi\u00f9 tollerabile, ma altre zone della citt\u00e0 non se la passano meglio. Il popoloso rione di Provinciale, per esempio, continua ad essere ostaggio dell&#8217;anarchia.<\/div>\n<div><\/div>\n<div>Il consigliere comunale, Benedetto Vaccarino ed il consigliere della III Circoscrizione, Mario Barresi, chiedono a gran voce l&#8217;intervento della polizia municipale: &#8220;\u00c8 sempre pi\u00f9 urgente rafforzare l&#8217;organico dei vigili urbani che non possono fare pi\u00f9 di quello che fanno. Sulle nostre strade vige l&#8217;anarchia; questa mattina un camion ha bloccato la circolazione per parecchi minuti in via Baglio nei pressi del ponte ferroviario o nella zona di Provinciale dove la sosta vietata \u00e8 praticata nella pi\u00f9 totale libert\u00e0.<\/div>\n<div><\/div>\n<div>L&#8217;Amministrazione comunale si attivi immediatamente a porre in essere tutte le procedure per riassumere i 23 vigili concorsisti e utilizzare altres\u00ec la preziosa risorsa dei 50 contrattisti. Una citt\u00e0 come Messina non pu\u00f2 essere gestita solo da un centinaio di vigili, i quali assolvono a servizi importanti ed essenziali&#8221;.<\/div>\n<div id=\"div-gpt-ad-Messinaoggi.it-DSK-300x250-corpoart\" style=\"text-align:center;margin:0 auto;\"><\/div><\/p><div id=\"videoincontent\" style=\"clear:both\";><\/div>","protected":false},"excerpt":{"rendered":"<p>Ci siamo occupati dell&#8217;inferno di Minissale, denunciando una situazione viaria non pi\u00f9 tollerabile, ma altre zone della citt\u00e0 non se la passano meglio. Il popoloso rione di Provinciale, per esempio, continua ad essere ostaggio dell&#8217;anarchia. Il consigliere comunale, Benedetto Vaccarino ed il consigliere della III Circoscrizione, Mario Barresi, chiedono a gran voce l&#8217;intervento della polizia [&hellip;]<\/p>\n","protected":false},"author":2,"featured_media":9106,"comment_status":"closed","ping_status":"open","sticky":false,"template":"","format":"standard","meta":{"ub_ctt_via":"","_mi_skip_tracking":false},"categories":[5],"tags":[],"featured_image_src":"https:\/\/www.messinaoggi.it\/website\/wp-content\/uploads\/2017\/10\/rione-provinciale-traffico-in-tilt.jpg","author_info":{"display_name":"Redazione","author_link":"https:\/\/www.messinaoggi.it\/website\/author\/redazione\/"},"digistream_id":0,"digistream":false,"_links":{"self":[{"href":"https:\/\/www.messinaoggi.it\/website\/wp-json\/wp\/v2\/posts\/12415"}],"collection":[{"href":"https:\/\/www.messinaoggi.it\/website\/wp-json\/wp\/v2\/posts"}],"about":[{"href":"https:\/\/www.messinaoggi.it\/website\/wp-json\/wp\/v2\/types\/post"}],"author":[{"embeddable":true,"href":"https:\/\/www.messinaoggi.it\/website\/wp-json\/wp\/v2\/users\/2"}],"replies":[{"embeddable":true,"href":"https:\/\/www.messinaoggi.it\/website\/wp-json\/wp\/v2\/comments?post=12415"}],"version-history":[{"count":0,"href":"https:\/\/www.messinaoggi.it\/website\/wp-json\/wp\/v2\/posts\/12415\/revisions"}],"wp:featuredmedia":[{"embeddable":true,"href":"https:\/\/www.messinaoggi.it\/website\/wp-json\/wp\/v2\/media\/9106"}],"wp:attachment":[{"href":"https:\/\/www.messinaoggi.it\/website\/wp-json\/wp\/v2\/media?parent=12415"}],"wp:term":[{"taxonomy":"category","embeddable":true,"href":"https:\/\/www.messinaoggi.it\/website\/wp-json\/wp\/v2\/categories?post=12415"},{"taxonomy":"post_tag","embeddable":true,"href":"https:\/\/www.messinaoggi.it\/website\/wp-json\/wp\/v2\/tags?post=12415"}],"curies":[{"name":"wp","href":"https:\/\/api.w.org\/{rel}","templated":true}]}}