{"id":124092,"date":"2022-10-02T13:07:53","date_gmt":"2022-10-02T11:07:53","guid":{"rendered":"https:\/\/www.messinaoggi.it\/website\/2022\/10\/02\/papa-si-giunga-subito-al-cessate-il-fuoco-in-ucraina-si-cerchino-soluzioni\/"},"modified":"2022-10-02T13:07:53","modified_gmt":"2022-10-02T11:07:53","slug":"papa-si-giunga-subito-al-cessate-il-fuoco-in-ucraina-si-cerchino-soluzioni","status":"publish","type":"post","link":"https:\/\/www.messinaoggi.it\/website\/2022\/10\/02\/papa-si-giunga-subito-al-cessate-il-fuoco-in-ucraina-si-cerchino-soluzioni\/","title":{"rendered":"Papa \u201cSi giunga subito al cessate il fuoco in Ucraina, si cerchino soluzioni\u201d"},"content":{"rendered":"<div>ROMA (ITALPRESS) &#8211; &#8220;L&#8217;andamento della guerra in Ucraina \u00e8 diventato talmente grave, devastante e minaccioso da suscitare grande preoccupazione&#8221;. Cos\u00ec Papa Francesco, durante la sua riflessione sulla situazione ucraina, prima della recita dell&#8217;Angelus.<br \/>&#8220;Questa terribile e inconcepibile ferita dell&#8217;umanit\u00e0, anzich\u00e8 rimarginarsi, continua a sanguinare sempre di pi\u00f9, rischiando di allargarsi &#8211; sottolinea il Pontefice -. Mi affliggono i fiumi di sangue e di lacrime versati in questi mesi. Mi addolorano le migliaia di vittime, in particolare tra i bambini, e le tante distruzioni, che hanno lasciato senza casa molte persone e famiglie e minacciano con il freddo e la fame vasti territori. Certe azioni non possono mai essere giustificate, mai! E&#8217; angosciante che il mondo stia imparando la geografia dell&#8217;Ucraina attraverso nomi come Bucha, Irpin, Mariupol, Izium, Zaporizhzhia e altre localit\u00e0, che sono diventate luoghi di sofferenze e paure indescrivibili. E che dire del fatto che l&#8217;umanit\u00e0 si trova nuovamente davanti alla minaccia atomica? E&#8217; assurdo&#8221;.<br \/>&#8220;Che cosa deve ancora succedere? Quanto sangue deve ancora scorrere perch\u00e8 capiamo che la guerra non \u00e8 mai una soluzione, ma solo distruzione? In nome di Dio e in nome del senso di umanit\u00e0 che alberga in ogni cuore, rinnovo il mio appello affinch\u00e8 si giunga subito al cessate-il-fuoco &#8211; aggiunge Papa Francesco -. Tacciano le armi e si cerchino le condizioni per avviare negoziati capaci di condurre a soluzioni non imposte con la forza, ma concordate, giuste e stabili. E tali saranno se fondate sul rispetto del sacrosanto valore della vita umana, nonch\u00e8 della sovranit\u00e0 e dell&#8217;integrit\u00e0 territoriale di ogni Paese, come pure dei diritti delle minoranze e delle legittime preoccupazioni&#8221;.<br \/>&#8220;Deploro vivamente &#8211; prosegue il Papa &#8211; la grave situazione creatasi negli ultimi giorni, con ulteriori azioni contrarie ai principi del diritto internazionale. Essa, infatti, aumenta il rischio di un&#8217;escalation nucleare, fino a far temere conseguenze incontrollabili e catastrofiche a livello mondiale&#8221;.<br \/>&#8220;Il mio appello &#8211; dice Papa Francesco &#8211; si rivolge innanzitutto al Presidente della Federazione Russa, supplicandolo di fermare, anche per amore del suo popolo, questa spirale di violenza e di morte. D&#8217;altra parte, addolorato per l&#8217;immane sofferenza della popolazione ucraina a seguito dell&#8217;aggressione subita, dirigo un altrettanto fiducioso appello al Presidente dell&#8217;Ucraina ad essere aperto a serie proposte di pace. A tutti i protagonisti della vita internazionale e ai responsabili politici delle Nazioni chiedo con insistenza di fare tutto quello che \u00e8 nelle loro possibilit\u00e0 per porre fine alla guerra in corso, senza lasciarsi coinvolgere in pericolose escalation, e per promuovere e sostenere iniziative di dialogo. Per favore, facciamo respirare alle giovani generazioni l&#8217;aria sana della pace, non quella inquinata della guerra, che \u00e8 una pazzia! Dopo sette mesi di ostilit\u00e0, si faccia ricorso a tutti gli strumenti diplomatici, anche quelli finora eventualmente non utilizzati, per far finire questa immane tragedia. La guerra in s\u00e8 stessa \u00e8 un errore e un orrore!&#8221;.<br \/>credit photo agenziafotogramma.it<br \/>(ITALPRESS).<\/div>\n<div id=\"div-gpt-ad-Messinaoggi.it-DSK-300x250-corpoart\" style=\"text-align:center;margin:0 auto;\"><\/div><\/p><div id=\"videoincontent\" style=\"clear:both\";><\/div>","protected":false},"excerpt":{"rendered":"<p>ROMA (ITALPRESS) &#8211; &#8220;L&#8217;andamento della guerra in Ucraina \u00e8 diventato talmente grave, devastante e minaccioso da suscitare grande preoccupazione&#8221;. Cos\u00ec Papa Francesco, durante la sua riflessione sulla situazione ucraina, prima della recita dell&#8217;Angelus.&#8220;Questa terribile e inconcepibile ferita dell&#8217;umanit\u00e0, anzich\u00e8 rimarginarsi, continua a sanguinare sempre di pi\u00f9, rischiando di allargarsi &#8211; sottolinea il Pontefice -. Mi [&hellip;]<\/p>\n","protected":false},"author":18,"featured_media":124093,"comment_status":"closed","ping_status":"closed","sticky":false,"template":"","format":"standard","meta":{"ub_ctt_via":"","_mi_skip_tracking":false},"categories":[446],"tags":[783],"featured_image_src":"https:\/\/www.messinaoggi.it\/website\/wp-content\/uploads\/2022\/10\/20221002_0212.jpg","author_info":{"display_name":"Admin","author_link":"https:\/\/www.messinaoggi.it\/website\/author\/admin\/"},"digistream_id":0,"digistream":false,"_links":{"self":[{"href":"https:\/\/www.messinaoggi.it\/website\/wp-json\/wp\/v2\/posts\/124092"}],"collection":[{"href":"https:\/\/www.messinaoggi.it\/website\/wp-json\/wp\/v2\/posts"}],"about":[{"href":"https:\/\/www.messinaoggi.it\/website\/wp-json\/wp\/v2\/types\/post"}],"author":[{"embeddable":true,"href":"https:\/\/www.messinaoggi.it\/website\/wp-json\/wp\/v2\/users\/18"}],"replies":[{"embeddable":true,"href":"https:\/\/www.messinaoggi.it\/website\/wp-json\/wp\/v2\/comments?post=124092"}],"version-history":[{"count":0,"href":"https:\/\/www.messinaoggi.it\/website\/wp-json\/wp\/v2\/posts\/124092\/revisions"}],"wp:featuredmedia":[{"embeddable":true,"href":"https:\/\/www.messinaoggi.it\/website\/wp-json\/wp\/v2\/media\/124093"}],"wp:attachment":[{"href":"https:\/\/www.messinaoggi.it\/website\/wp-json\/wp\/v2\/media?parent=124092"}],"wp:term":[{"taxonomy":"category","embeddable":true,"href":"https:\/\/www.messinaoggi.it\/website\/wp-json\/wp\/v2\/categories?post=124092"},{"taxonomy":"post_tag","embeddable":true,"href":"https:\/\/www.messinaoggi.it\/website\/wp-json\/wp\/v2\/tags?post=124092"}],"curies":[{"name":"wp","href":"https:\/\/api.w.org\/{rel}","templated":true}]}}