{"id":12403,"date":"2017-12-04T10:23:43","date_gmt":"2017-12-04T09:23:43","guid":{"rendered":"http:\/\/www.messinaoggi.it\/website\/?p=12403"},"modified":"2017-12-04T10:23:43","modified_gmt":"2017-12-04T09:23:43","slug":"la-mamma-di-ylenia-mia-figlia-dica-la-verita-non-abbia-paura","status":"publish","type":"post","link":"https:\/\/www.messinaoggi.it\/website\/2017\/12\/04\/la-mamma-di-ylenia-mia-figlia-dica-la-verita-non-abbia-paura\/","title":{"rendered":"La mamma di Ylenia: &quot;Mia figlia dica la verit\u00e0, non abbia paura&quot;"},"content":{"rendered":"<p>\u201cVoglio che mia figlia dica la verit\u00e0, che non abbia paura\u2026 La giustizia ti aiuta\u201d. E\u2019 il disperato appello che Anna Giorgio, la mamma di Ylenia Grazia Bonavera, la 22enne di\u00a0Messina\u00a0che sarebbe stata data alle fiamme dall\u2019ex fidanzato Alessio Mantineo la notte tra il 7 e l\u20198 gennaio, ha lanciato a Domenica In su Rai1 intervistata da Cristina Parodi.<br \/>\nLa figlia Ylenia continua a difendere Mantineo, accusato del tentativo di omicidio. \u201cC\u2019\u00e8 un processo in corso \u2013 afferma Anna Giorgio \u2013 ho molta fiducia nella magistratura. Vorrei che la legge fosse pi\u00f9 severa. Sono fortunata perch\u00e9 ci sono mamme che non hanno pi\u00f9 le figlie. Molti uomini &#8211; conclide &#8211; riescono a finire il lavoro&#8230; Ho paura di questo\u201d.<div id=\"div-gpt-ad-Messinaoggi.it-DSK-300x250-corpoart\" style=\"text-align:center;margin:0 auto;\"><\/div><\/p>\n<div id=\"videoincontent\" style=\"clear:both\";><\/div>","protected":false},"excerpt":{"rendered":"<p>\u201cVoglio che mia figlia dica la verit\u00e0, che non abbia paura\u2026 La giustizia ti aiuta\u201d. E\u2019 il disperato appello che Anna Giorgio, la mamma di Ylenia Grazia Bonavera, la 22enne di\u00a0Messina\u00a0che sarebbe stata data alle fiamme dall\u2019ex fidanzato Alessio Mantineo la notte tra il 7 e l\u20198 gennaio, ha lanciato a Domenica In su Rai1 [&hellip;]<\/p>\n","protected":false},"author":2,"featured_media":12407,"comment_status":"closed","ping_status":"open","sticky":false,"template":"","format":"standard","meta":{"ub_ctt_via":"","_mi_skip_tracking":false},"categories":[6],"tags":[],"featured_image_src":"https:\/\/www.messinaoggi.it\/website\/wp-content\/uploads\/2017\/12\/Ylenia-Grazia-Bonavera.jpg","author_info":{"display_name":"Redazione","author_link":"https:\/\/www.messinaoggi.it\/website\/author\/redazione\/"},"digistream_id":0,"digistream":false,"_links":{"self":[{"href":"https:\/\/www.messinaoggi.it\/website\/wp-json\/wp\/v2\/posts\/12403"}],"collection":[{"href":"https:\/\/www.messinaoggi.it\/website\/wp-json\/wp\/v2\/posts"}],"about":[{"href":"https:\/\/www.messinaoggi.it\/website\/wp-json\/wp\/v2\/types\/post"}],"author":[{"embeddable":true,"href":"https:\/\/www.messinaoggi.it\/website\/wp-json\/wp\/v2\/users\/2"}],"replies":[{"embeddable":true,"href":"https:\/\/www.messinaoggi.it\/website\/wp-json\/wp\/v2\/comments?post=12403"}],"version-history":[{"count":0,"href":"https:\/\/www.messinaoggi.it\/website\/wp-json\/wp\/v2\/posts\/12403\/revisions"}],"wp:featuredmedia":[{"embeddable":true,"href":"https:\/\/www.messinaoggi.it\/website\/wp-json\/wp\/v2\/media\/12407"}],"wp:attachment":[{"href":"https:\/\/www.messinaoggi.it\/website\/wp-json\/wp\/v2\/media?parent=12403"}],"wp:term":[{"taxonomy":"category","embeddable":true,"href":"https:\/\/www.messinaoggi.it\/website\/wp-json\/wp\/v2\/categories?post=12403"},{"taxonomy":"post_tag","embeddable":true,"href":"https:\/\/www.messinaoggi.it\/website\/wp-json\/wp\/v2\/tags?post=12403"}],"curies":[{"name":"wp","href":"https:\/\/api.w.org\/{rel}","templated":true}]}}