{"id":124028,"date":"2022-10-01T12:17:54","date_gmt":"2022-10-01T10:17:54","guid":{"rendered":"https:\/\/www.messinaoggi.it\/website\/2022\/10\/01\/a-palermo-il-13-ottobre-la-dodicesima-edizione-di-no-smog-mobility\/"},"modified":"2022-10-01T12:17:54","modified_gmt":"2022-10-01T10:17:54","slug":"a-palermo-il-13-ottobre-la-dodicesima-edizione-di-no-smog-mobility","status":"publish","type":"post","link":"https:\/\/www.messinaoggi.it\/website\/2022\/10\/01\/a-palermo-il-13-ottobre-la-dodicesima-edizione-di-no-smog-mobility\/","title":{"rendered":"A Palermo il 13 ottobre la dodicesima edizione di No Smog Mobility"},"content":{"rendered":"<div>\n<p>PALERMO (ITALPRESS) \u2013 Torna a Palermo No Smog Mobility, la rassegna sulla mobilit\u00e0 sostenibile, pubblica e privata, nata da un\u2019idea dei direttori Gaspare Borsellino e Dario Pennica (rispettivamente direttori dell\u2019agenzia Italpress e del mensile Sicilia Motori). La manifestazione, giunta alla dodicesima edizione, raduner\u00e0 gioved\u00ec 13 ottobre esperti e rappresentanti del mondo auto e non solo per parlare di come la mobilit\u00e0 stia rapidamente cambiando verso la sempre maggior diffusione di tecnologie pi\u00f9 attente all\u2019impatto ambientale. Si comincia alle nove al Dipartimento di Ingegneria dell\u2019Universit\u00e0 di Palermo dove i professori Rosario Miceli e Marco Migliore presenteranno il Centro Nazionale per la Mobilit\u00e0 Sostenibile che vede l\u2019Ateneo palermitano presente nello spoke \u201cAuto e Gomma\u201d.<br \/>A seguire, Miriam Gangi, responsabile comunicazione di ANFIA presenter\u00e0 agli studenti la Formula SAE Italy, la competizione universitaria internazionale che prevede la progettazione e la produzione di un\u2019auto da corsa.<br \/>A seguire un forum, moderato dal direttore di Aci Radio Pierluigi Bonora, sullo stato dell\u2019arte dei \u201cVeicoli elettrici, tra sicurezza e mercato\u201d, in cui si alterneranno gli interventi di Franco Anzioso, Funding &amp; Product Planning Manager di eSolution Free2Move, Josephine di Chiara, responsabile ufficio stampa e PR di Michelin, Fulvio Ferrari, Corporate and Internal communication Managerdi Nissan, Giulio Lancellotti, managing responsible global software &amp; services di Bosch, Roberto Lonardi, direttore comunicazione di Volvo Cars Italia e Giovanni Papagni, Head Of Business Development and Planning di Snam4mobility.<br \/>Dalle 11, Pierluigi Bonora intervista Marco Saltalamacchia Executive Vice President &amp; CEO Gruppo Koelliker, azienda leader nell\u2019importazione e distribuzione di automobili in Italia. Saltalamacchia porter\u00e0 il suo personale contributo sui nuovi modelli di business dell\u2019automotive in Italia.<br \/>A seguire, la manifestazione sar\u00e0 incentrata sulla mobilit\u00e0 urbana con il forum \u201cCitta che vai\u2026mobilit\u00e0 che trovi\u201d, moderato dall\u2019inviato di Avvenire, Alberto Caprotti. Parteciperanno Alberto Campagna, presidente di Atm Messina, Maurizio Carta, assessore del Comune di Palermo con delega alla mobilit\u00e0, Michele Cimino, presidente Amat Palermo, Tommaso Dragotto, presidente di Sicily by Car e Giuliano Forzinetti, assessore comunale alle attivit\u00e0 produttive.<br \/>La rassegna, che vede il supporto anche di Unicredit, \u00e8 aperta al pubblico e accreditata come evento formativo per l\u2019Ordine dei giornalisti e avr\u00e0 un\u2019intera sessione dedicata alle domande degli studenti universitari, che potranno cos\u00ec interagire e avere un contatto diretto con le aziende presenti.<div id=\"div-gpt-ad-Messinaoggi.it-DSK-300x250-corpoart\" style=\"text-align:center;margin:0 auto;\"><\/div><\/p>\n<p>\u2013 foto ufficio stampa No Smog Mobility \u2013<br \/>(ITALPRESS).<div id=\"videoincontent\" style=\"clear:both\";><\/div><\/p>\n<\/div>\n","protected":false},"excerpt":{"rendered":"<p>PALERMO (ITALPRESS) \u2013 Torna a Palermo No Smog Mobility, la rassegna sulla mobilit\u00e0 sostenibile, pubblica e privata, nata da un\u2019idea dei direttori Gaspare Borsellino e Dario Pennica (rispettivamente direttori dell\u2019agenzia Italpress e del mensile Sicilia Motori). La manifestazione, giunta alla dodicesima edizione, raduner\u00e0 gioved\u00ec 13 ottobre esperti e rappresentanti del mondo auto e non solo [&hellip;]<\/p>\n","protected":false},"author":18,"featured_media":124029,"comment_status":"closed","ping_status":"closed","sticky":false,"template":"","format":"standard","meta":{"ub_ctt_via":"","_mi_skip_tracking":false},"categories":[2449],"tags":[783],"featured_image_src":"https:\/\/www.messinaoggi.it\/website\/wp-content\/uploads\/2022\/10\/20221001_0585.jpg","author_info":{"display_name":"Admin","author_link":"https:\/\/www.messinaoggi.it\/website\/author\/admin\/"},"digistream_id":0,"digistream":false,"_links":{"self":[{"href":"https:\/\/www.messinaoggi.it\/website\/wp-json\/wp\/v2\/posts\/124028"}],"collection":[{"href":"https:\/\/www.messinaoggi.it\/website\/wp-json\/wp\/v2\/posts"}],"about":[{"href":"https:\/\/www.messinaoggi.it\/website\/wp-json\/wp\/v2\/types\/post"}],"author":[{"embeddable":true,"href":"https:\/\/www.messinaoggi.it\/website\/wp-json\/wp\/v2\/users\/18"}],"replies":[{"embeddable":true,"href":"https:\/\/www.messinaoggi.it\/website\/wp-json\/wp\/v2\/comments?post=124028"}],"version-history":[{"count":0,"href":"https:\/\/www.messinaoggi.it\/website\/wp-json\/wp\/v2\/posts\/124028\/revisions"}],"wp:featuredmedia":[{"embeddable":true,"href":"https:\/\/www.messinaoggi.it\/website\/wp-json\/wp\/v2\/media\/124029"}],"wp:attachment":[{"href":"https:\/\/www.messinaoggi.it\/website\/wp-json\/wp\/v2\/media?parent=124028"}],"wp:term":[{"taxonomy":"category","embeddable":true,"href":"https:\/\/www.messinaoggi.it\/website\/wp-json\/wp\/v2\/categories?post=124028"},{"taxonomy":"post_tag","embeddable":true,"href":"https:\/\/www.messinaoggi.it\/website\/wp-json\/wp\/v2\/tags?post=124028"}],"curies":[{"name":"wp","href":"https:\/\/api.w.org\/{rel}","templated":true}]}}