{"id":12396,"date":"2017-12-04T08:56:16","date_gmt":"2017-12-04T07:56:16","guid":{"rendered":"http:\/\/www.messinaoggi.it\/website\/?p=12396"},"modified":"2017-12-04T08:56:16","modified_gmt":"2017-12-04T07:56:16","slug":"variante-salvaguardia-de-cola-al-m5s-latto-e-pubblico","status":"publish","type":"post","link":"https:\/\/www.messinaoggi.it\/website\/2017\/12\/04\/variante-salvaguardia-de-cola-al-m5s-latto-e-pubblico\/","title":{"rendered":"Variante Salvaguardia, De Cola al M5S: &quot;L&#039;atto \u00e8 pubblico&quot;"},"content":{"rendered":"<p style=\"text-align: justify;\">Il Genio Civile chiede spiegazioni in merito ad alcune modifiche sulla Variante di Salvaguardia, il Movimento 5 Stelle attacca e Sergio De Cola risponde.<div id=\"div-gpt-ad-Messinaoggi.it-DSK-300x250-corpoart\" style=\"text-align:center;margin:0 auto;\"><\/div><\/p>\n<p style=\"text-align: justify;\">L\u2019assessore ai Lavori Pubblici chiarisce alcuni punti dopo l\u2019attacco dei pentastellati, che ancora una volta hanno puntato il dito contro la segretezza degli atti: <em>\u201cIn merito alle dichiarazioni diffuse a mezzo stampa dal Movimento 5 Stelle relativamente alla Variante al PRG, ritengo utile per evitare inutili confusioni precisare alcuni aspetti. \u00c8 possibile che l&#8217;azione irrituale di alcuni consiglieri possa aver generato confusione, tuttavia desidero ribadire ancora una volta che la Variante in tutti i suoi aspetti metodologici e di principio e anche per l&#8217;individuazione delle zone di cui si propone l&#8217;eliminazione del potere edificatorio, \u00e8 ASSOLUTAMENTE E TOTALMENTE PUBBLICA e consultabile (anche online) cos\u00ec come previsto dalle norme vigenti. Il confronto avuto in campo nazionale che ha portato lustro alla citt\u00e0 di Messina, anche se il Consiglio non vuole ancora discutere la Variante presentata a febbraio 2017, \u00e8 assolutamente legittimo e anche di grande interesse\u201d.<\/em><div id=\"videoincontent\" style=\"clear:both\";><\/div><\/p>\n<p style=\"text-align: justify;\">Non \u00e8 la prima volta che il Movimento 5 Stelle attacca De Cola sulla Variante di Salvaguardia del Prg: <em>\u201cVoglio ricordare al M5S che in una loro nota del gennaio 2015 evidenziavano alcune perplessit\u00e0 e richiamavano una visone critica da parte del prof. Salvatore Settis. Ho avuto il piacere di incontrare in seguito il professore e di avere con lui un confronto di grande interesse che ha portato alla conferenza &#8220;Paesaggio, Bellezza e Urbanistica&#8221; tenuta a Messina il 19\/6\/2017 dal prof. Settis che in quell&#8217;occasione ha espresso opinioni positive (anche lui) sulle azioni poste in essere a Messina in materia Urbanistica. Chi vuole valutare serenamente la Variante scoprir\u00e0 che non ci sono ombre ma solo azioni utili alla citt\u00e0 tendenti a mitigare il rischio, impedire che si continui a costruire sugli argini dei torrenti e valorizzare le bellezze dei nostri paesaggi. Confermo la disponibilit\u00e0 per un incontro sereno e costruttivo in cui confrontarsi sui veri temi che affronta la Variante\u201d.<\/em><\/p>\n","protected":false},"excerpt":{"rendered":"<p>Il Genio Civile chiede spiegazioni in merito ad alcune modifiche sulla Variante di Salvaguardia, il Movimento 5 Stelle attacca e Sergio De Cola risponde. L\u2019assessore ai Lavori Pubblici chiarisce alcuni punti dopo l\u2019attacco dei pentastellati, che ancora una volta hanno puntato il dito contro la segretezza degli atti: \u201cIn merito alle dichiarazioni diffuse a mezzo [&hellip;]<\/p>\n","protected":false},"author":2,"featured_media":1651,"comment_status":"closed","ping_status":"open","sticky":false,"template":"","format":"standard","meta":{"ub_ctt_via":"","_mi_skip_tracking":false},"categories":[4],"tags":[],"featured_image_src":"https:\/\/www.messinaoggi.it\/website\/wp-content\/uploads\/2017\/06\/De-Cola-Sergio-1-2.jpg","author_info":{"display_name":"Redazione","author_link":"https:\/\/www.messinaoggi.it\/website\/author\/redazione\/"},"digistream_id":0,"digistream":false,"_links":{"self":[{"href":"https:\/\/www.messinaoggi.it\/website\/wp-json\/wp\/v2\/posts\/12396"}],"collection":[{"href":"https:\/\/www.messinaoggi.it\/website\/wp-json\/wp\/v2\/posts"}],"about":[{"href":"https:\/\/www.messinaoggi.it\/website\/wp-json\/wp\/v2\/types\/post"}],"author":[{"embeddable":true,"href":"https:\/\/www.messinaoggi.it\/website\/wp-json\/wp\/v2\/users\/2"}],"replies":[{"embeddable":true,"href":"https:\/\/www.messinaoggi.it\/website\/wp-json\/wp\/v2\/comments?post=12396"}],"version-history":[{"count":0,"href":"https:\/\/www.messinaoggi.it\/website\/wp-json\/wp\/v2\/posts\/12396\/revisions"}],"wp:featuredmedia":[{"embeddable":true,"href":"https:\/\/www.messinaoggi.it\/website\/wp-json\/wp\/v2\/media\/1651"}],"wp:attachment":[{"href":"https:\/\/www.messinaoggi.it\/website\/wp-json\/wp\/v2\/media?parent=12396"}],"wp:term":[{"taxonomy":"category","embeddable":true,"href":"https:\/\/www.messinaoggi.it\/website\/wp-json\/wp\/v2\/categories?post=12396"},{"taxonomy":"post_tag","embeddable":true,"href":"https:\/\/www.messinaoggi.it\/website\/wp-json\/wp\/v2\/tags?post=12396"}],"curies":[{"name":"wp","href":"https:\/\/api.w.org\/{rel}","templated":true}]}}