{"id":123940,"date":"2022-09-30T17:08:01","date_gmt":"2022-09-30T15:08:01","guid":{"rendered":"https:\/\/www.messinaoggi.it\/website\/2022\/09\/30\/lucraina-chiede-formalmente-ladesione-accelerata-alla-nato\/"},"modified":"2022-09-30T17:08:01","modified_gmt":"2022-09-30T15:08:01","slug":"lucraina-chiede-formalmente-ladesione-accelerata-alla-nato","status":"publish","type":"post","link":"https:\/\/www.messinaoggi.it\/website\/2022\/09\/30\/lucraina-chiede-formalmente-ladesione-accelerata-alla-nato\/","title":{"rendered":"L\u2019Ucraina chiede formalmente l\u2019adesione accelerata alla Nato"},"content":{"rendered":"<div>KIEV (UCRAINA) (ITALPRESS) &#8211; Il presidente dell&#8217;Ucraina Volodymyr Zelensky ha annunciato di aver firmato la domanda per una adesione accelerata alla Nato. &#8220;Di fatto, siamo gi\u00e0 nella Nato &#8211; afferma Zelensky -. Abbiamo gi\u00e0 dimostrato la compatibilit\u00e0 con gli standard dell&#8217;Alleanza. Sono reali per l&#8217;Ucraina, reali sul campo di battaglia e in tutti gli aspetti della nostra interazione. Ci fidiamo l&#8217;uno dell&#8217;altro, ci aiutiamo a vicenda e ci proteggiamo a vicenda. Questa \u00e8 l&#8217;Alleanza di fatto. Oggi l&#8217;Ucraina chiede di farlo de jure. In un processo coerente con i nostri valori nel proteggere la nostra intera comunit\u00e0. In modo accelerato. Stiamo compiendo il nostro passo decisivo firmando la domanda di adesione accelerata dell&#8217;Ucraina alla NATO&#8221;.<div id=\"div-gpt-ad-Messinaoggi.it-DSK-300x250-corpoart\" style=\"text-align:center;margin:0 auto;\"><\/div><\/p>\n<p>&#8211; foto Agenziafotogramma &#8211;<div id=\"videoincontent\" style=\"clear:both\";><\/div><\/p>\n<p>(ITALPRESS).<\/p><\/div>\n","protected":false},"excerpt":{"rendered":"<p>KIEV (UCRAINA) (ITALPRESS) &#8211; Il presidente dell&#8217;Ucraina Volodymyr Zelensky ha annunciato di aver firmato la domanda per una adesione accelerata alla Nato. &#8220;Di fatto, siamo gi\u00e0 nella Nato &#8211; afferma Zelensky -. Abbiamo gi\u00e0 dimostrato la compatibilit\u00e0 con gli standard dell&#8217;Alleanza. Sono reali per l&#8217;Ucraina, reali sul campo di battaglia e in tutti gli aspetti [&hellip;]<\/p>\n","protected":false},"author":18,"featured_media":123941,"comment_status":"closed","ping_status":"closed","sticky":false,"template":"","format":"standard","meta":{"ub_ctt_via":"","_mi_skip_tracking":false},"categories":[446],"tags":[783],"featured_image_src":"https:\/\/www.messinaoggi.it\/website\/wp-content\/uploads\/2022\/09\/20220930_1667.jpg","author_info":{"display_name":"Admin","author_link":"https:\/\/www.messinaoggi.it\/website\/author\/admin\/"},"digistream_id":0,"digistream":false,"_links":{"self":[{"href":"https:\/\/www.messinaoggi.it\/website\/wp-json\/wp\/v2\/posts\/123940"}],"collection":[{"href":"https:\/\/www.messinaoggi.it\/website\/wp-json\/wp\/v2\/posts"}],"about":[{"href":"https:\/\/www.messinaoggi.it\/website\/wp-json\/wp\/v2\/types\/post"}],"author":[{"embeddable":true,"href":"https:\/\/www.messinaoggi.it\/website\/wp-json\/wp\/v2\/users\/18"}],"replies":[{"embeddable":true,"href":"https:\/\/www.messinaoggi.it\/website\/wp-json\/wp\/v2\/comments?post=123940"}],"version-history":[{"count":0,"href":"https:\/\/www.messinaoggi.it\/website\/wp-json\/wp\/v2\/posts\/123940\/revisions"}],"wp:featuredmedia":[{"embeddable":true,"href":"https:\/\/www.messinaoggi.it\/website\/wp-json\/wp\/v2\/media\/123941"}],"wp:attachment":[{"href":"https:\/\/www.messinaoggi.it\/website\/wp-json\/wp\/v2\/media?parent=123940"}],"wp:term":[{"taxonomy":"category","embeddable":true,"href":"https:\/\/www.messinaoggi.it\/website\/wp-json\/wp\/v2\/categories?post=123940"},{"taxonomy":"post_tag","embeddable":true,"href":"https:\/\/www.messinaoggi.it\/website\/wp-json\/wp\/v2\/tags?post=123940"}],"curies":[{"name":"wp","href":"https:\/\/api.w.org\/{rel}","templated":true}]}}