{"id":123902,"date":"2022-09-30T16:07:55","date_gmt":"2022-09-30T14:07:55","guid":{"rendered":"https:\/\/www.messinaoggi.it\/website\/2022\/09\/30\/stefano-mantegazza-confermato-segretario-generale-della-uila\/"},"modified":"2022-09-30T16:07:55","modified_gmt":"2022-09-30T14:07:55","slug":"stefano-mantegazza-confermato-segretario-generale-della-uila","status":"publish","type":"post","link":"https:\/\/www.messinaoggi.it\/website\/2022\/09\/30\/stefano-mantegazza-confermato-segretario-generale-della-uila\/","title":{"rendered":"Stefano Mantegazza confermato segretario generale della Uila"},"content":{"rendered":"<div>ROMA (ITALPRESS) &#8211; &#8220;Chiediamo ai partiti di condividere con il Governo ancora in carica un nuovo immediato decreto che utilizzi tutto l&#8217;extra-gettito che verr\u00e0 incassato dallo Stato fino a dicembre. Le persone hanno bisogno oggi, non domani, di soldi freschi in tasca perch\u00e8 le bollette elettriche dal 1\u00b0 ottobre aumenteranno del 59% e il costo del carrello della spesa \u00e8 gi\u00e0 lievitato oltre ogni misura. L&#8217;extra-gettito degli ultimi 4 mesi del 2022 \u00e8 indispensabile per ridurre subito il cuneo contributivo ed evitare che, anche in questo modo, si eviti di aggiungere ad un&#8217;alta inflazione una drammatica recessione&#8221;. Lo ha affermato Stefano Mantegazza, confermato segretario generale della Uila dagli oltre 700 delegati, al termine dell&#8217;ultima giornata di lavori del VII congresso.  <br \/>Confermati per il prossimo quadriennio anche i segretari nazionali Gabriele De Gasperis, Guido Majrone, Enrica Mammucari, Michele Tartaglione e Alice Mocci tesoriere dell&#8217;organizzazione. <br \/>Nell&#8217;ultima giornata, dopo il dibattito congressuale, sono intervenuti l&#8217;europarlamentare Paolo De Castro, che ha ricordato le battaglie portate avanti in Europa insieme alla Uila, in particolare sulla grande conquista ottenuta con l&#8217;introduzione, dal 1\u00b0 gennaio 2023, della clausola sulla condizionalit\u00e0 sociale nella Pac e il tesoriere Uil Emanuele Ronzoni.<div id=\"div-gpt-ad-Messinaoggi.it-DSK-300x250-corpoart\" style=\"text-align:center;margin:0 auto;\"><\/div><\/p>\n<p>&#8211; foto ufficio stampa Uila &#8211;<div id=\"videoincontent\" style=\"clear:both\";><\/div><\/p>\n<p>(ITALPRESS).<\/p><\/div>\n","protected":false},"excerpt":{"rendered":"<p>ROMA (ITALPRESS) &#8211; &#8220;Chiediamo ai partiti di condividere con il Governo ancora in carica un nuovo immediato decreto che utilizzi tutto l&#8217;extra-gettito che verr\u00e0 incassato dallo Stato fino a dicembre. Le persone hanno bisogno oggi, non domani, di soldi freschi in tasca perch\u00e8 le bollette elettriche dal 1\u00b0 ottobre aumenteranno del 59% e il costo [&hellip;]<\/p>\n","protected":false},"author":18,"featured_media":123903,"comment_status":"closed","ping_status":"closed","sticky":false,"template":"","format":"standard","meta":{"ub_ctt_via":"","_mi_skip_tracking":false},"categories":[446],"tags":[783],"featured_image_src":"https:\/\/www.messinaoggi.it\/website\/wp-content\/uploads\/2022\/09\/20220930_1142.jpg","author_info":{"display_name":"Admin","author_link":"https:\/\/www.messinaoggi.it\/website\/author\/admin\/"},"digistream_id":0,"digistream":false,"_links":{"self":[{"href":"https:\/\/www.messinaoggi.it\/website\/wp-json\/wp\/v2\/posts\/123902"}],"collection":[{"href":"https:\/\/www.messinaoggi.it\/website\/wp-json\/wp\/v2\/posts"}],"about":[{"href":"https:\/\/www.messinaoggi.it\/website\/wp-json\/wp\/v2\/types\/post"}],"author":[{"embeddable":true,"href":"https:\/\/www.messinaoggi.it\/website\/wp-json\/wp\/v2\/users\/18"}],"replies":[{"embeddable":true,"href":"https:\/\/www.messinaoggi.it\/website\/wp-json\/wp\/v2\/comments?post=123902"}],"version-history":[{"count":0,"href":"https:\/\/www.messinaoggi.it\/website\/wp-json\/wp\/v2\/posts\/123902\/revisions"}],"wp:featuredmedia":[{"embeddable":true,"href":"https:\/\/www.messinaoggi.it\/website\/wp-json\/wp\/v2\/media\/123903"}],"wp:attachment":[{"href":"https:\/\/www.messinaoggi.it\/website\/wp-json\/wp\/v2\/media?parent=123902"}],"wp:term":[{"taxonomy":"category","embeddable":true,"href":"https:\/\/www.messinaoggi.it\/website\/wp-json\/wp\/v2\/categories?post=123902"},{"taxonomy":"post_tag","embeddable":true,"href":"https:\/\/www.messinaoggi.it\/website\/wp-json\/wp\/v2\/tags?post=123902"}],"curies":[{"name":"wp","href":"https:\/\/api.w.org\/{rel}","templated":true}]}}