{"id":123898,"date":"2022-09-30T15:07:55","date_gmt":"2022-09-30T13:07:55","guid":{"rendered":"https:\/\/www.messinaoggi.it\/website\/2022\/09\/30\/pioli-ripartire-col-piede-giusto-e-con-la-stessa-mentalita\/"},"modified":"2022-09-30T15:07:55","modified_gmt":"2022-09-30T13:07:55","slug":"pioli-ripartire-col-piede-giusto-e-con-la-stessa-mentalita","status":"publish","type":"post","link":"https:\/\/www.messinaoggi.it\/website\/2022\/09\/30\/pioli-ripartire-col-piede-giusto-e-con-la-stessa-mentalita\/","title":{"rendered":"Pioli \u201cRipartire col piede giusto e con la stessa mentalit\u00e0\u201d"},"content":{"rendered":"<div>MILANO (ITALPRESS) &#8211; Stefano Pioli non ha dubbi e non vuole distrazioni. Il ko contro il Napoli dell&#8217;ultima uscita, prima della sosta per le Nazionali, deve essere cancellato subito, ritrovando i tre punti gi\u00e0 domani nella trasferta contro l&#8217;Empoli e ritrovando la strada per ottenere pi\u00f9 punti possibili nel &#8220;troncone di campionato&#8221; in scena fino alla pausa per i Mondiali. &#8220;Giocheremo 12 partite in 44 giorni. Sono tanti impegni ma non dobbiamo cambiare la nostra mentalit\u00e0. Non mi piace parlare di gestione di risorse ed energie. Dobbiamo dare sempre tutto. Cos\u00ec abbiamo fatto finora e cos\u00ec dobbiamo continuare a fare. Fra ieri e oggi ho visto intensit\u00e0, ritmo e qualit\u00e0. La squadra sta bene. Ante Rebic sar\u00e0 convocato. Origi sta meglio ma non sar\u00e0 con noi in questa trasferta. Giroud? E&#8217; un campione in tutto: sul campo e fuori dal campo. Sta bene e ha grande entusiasmo&#8221;, ha spiegato il tecnico rossonero, in conferenza stampa.<br \/>&#8220;Le assenze? Siamo un gruppo coeso e forte. Non mi preoccupo per i forfait di Maignan e di Theo Hernandez. Abbiamo giocatori forti per rimpiazzare tutti. L&#8217;importante \u00e8 essere compatti. Noi giochiamo sempre per vincere. Veniamo da una sconfitta e vogliamo ripartire subito col piede giusto. Affrontiamo un avversario temibile ma vogliamo i tre punti. Il sistema difensivo funziona, \u00e8 mancata solo, in alcune occasioni, un p\u00f2 di concentrazione&#8221;, ha detto ancora Pioli. &#8220;Dobbiamo riprendere a correre velocemente. Questo troncone di campionato sar\u00e0 molto importante, al fine di ritrovarci a gennaio nella migliore posizione di classifica possibile. Pobega \u00e8 un giocatore importante per noi: sta crescendo parecchio. Rebic \u00e8 un calciatore forte, che ci d\u00e0 fisicit\u00e0 e profondit\u00e0. Per Empoli \u00e8 con noi, ripeto, ma ancora non \u00e8 al meglio. De Ketelaere sta continuando a crescere. Diventer\u00e0 sicuramente un campione: deve continuare a lavorare come sta facendo. Domani schierer\u00f2 la migliore formazione possibile ma ancora non ho preso alcune decisioni&#8221;, ha concluso il tecnico del Milan.<br \/>&#8211; foto LivePhotoSport &#8211;<br \/>(ITALPRESS).<\/div>\n<div id=\"div-gpt-ad-Messinaoggi.it-DSK-300x250-corpoart\" style=\"text-align:center;margin:0 auto;\"><\/div><\/p><div id=\"videoincontent\" style=\"clear:both\";><\/div>","protected":false},"excerpt":{"rendered":"<p>MILANO (ITALPRESS) &#8211; Stefano Pioli non ha dubbi e non vuole distrazioni. Il ko contro il Napoli dell&#8217;ultima uscita, prima della sosta per le Nazionali, deve essere cancellato subito, ritrovando i tre punti gi\u00e0 domani nella trasferta contro l&#8217;Empoli e ritrovando la strada per ottenere pi\u00f9 punti possibili nel &#8220;troncone di campionato&#8221; in scena fino [&hellip;]<\/p>\n","protected":false},"author":18,"featured_media":123899,"comment_status":"closed","ping_status":"closed","sticky":false,"template":"","format":"standard","meta":{"ub_ctt_via":"","_mi_skip_tracking":false},"categories":[446],"tags":[783],"featured_image_src":"https:\/\/www.messinaoggi.it\/website\/wp-content\/uploads\/2022\/09\/20220930_1008.jpg","author_info":{"display_name":"Admin","author_link":"https:\/\/www.messinaoggi.it\/website\/author\/admin\/"},"digistream_id":0,"digistream":false,"_links":{"self":[{"href":"https:\/\/www.messinaoggi.it\/website\/wp-json\/wp\/v2\/posts\/123898"}],"collection":[{"href":"https:\/\/www.messinaoggi.it\/website\/wp-json\/wp\/v2\/posts"}],"about":[{"href":"https:\/\/www.messinaoggi.it\/website\/wp-json\/wp\/v2\/types\/post"}],"author":[{"embeddable":true,"href":"https:\/\/www.messinaoggi.it\/website\/wp-json\/wp\/v2\/users\/18"}],"replies":[{"embeddable":true,"href":"https:\/\/www.messinaoggi.it\/website\/wp-json\/wp\/v2\/comments?post=123898"}],"version-history":[{"count":0,"href":"https:\/\/www.messinaoggi.it\/website\/wp-json\/wp\/v2\/posts\/123898\/revisions"}],"wp:featuredmedia":[{"embeddable":true,"href":"https:\/\/www.messinaoggi.it\/website\/wp-json\/wp\/v2\/media\/123899"}],"wp:attachment":[{"href":"https:\/\/www.messinaoggi.it\/website\/wp-json\/wp\/v2\/media?parent=123898"}],"wp:term":[{"taxonomy":"category","embeddable":true,"href":"https:\/\/www.messinaoggi.it\/website\/wp-json\/wp\/v2\/categories?post=123898"},{"taxonomy":"post_tag","embeddable":true,"href":"https:\/\/www.messinaoggi.it\/website\/wp-json\/wp\/v2\/tags?post=123898"}],"curies":[{"name":"wp","href":"https:\/\/api.w.org\/{rel}","templated":true}]}}