{"id":123896,"date":"2022-09-30T15:07:52","date_gmt":"2022-09-30T13:07:52","guid":{"rendered":"https:\/\/www.messinaoggi.it\/website\/2022\/09\/30\/inzaghi-io-a-rischio-porto-ricavi-e-trofei\/"},"modified":"2022-09-30T15:07:52","modified_gmt":"2022-09-30T13:07:52","slug":"inzaghi-io-a-rischio-porto-ricavi-e-trofei","status":"publish","type":"post","link":"https:\/\/www.messinaoggi.it\/website\/2022\/09\/30\/inzaghi-io-a-rischio-porto-ricavi-e-trofei\/","title":{"rendered":"Inzaghi \u201cIo a rischio? Porto ricavi e trofei\u201d"},"content":{"rendered":"<div>APPIANO GENTILE (ITALPRESS) &#8211; &#8220;Noi allenatori siamo sempre a rischio, bisogna sempre prendere tante decisioni, in allenamento e in partita, ma sono tranquillo, lavoro giornalmente col mio staff e i miei giocatori e ho la tranquillit\u00e0 giusta&#8221;. Simone Inzaghi non teme per la sua panchina ed \u00e8 forte della fiducia del club. L&#8217;Inter ha gi\u00e0 perso tre gare in campionato &#8211; Lazio, derby e Udinese &#8211; oltre alla sconfitta col Bayern in Champions e domani al Meazza arriva la Roma per quella che sar\u00e0 &#8220;una partita molto impegnativa, fatta di duelli. Incontriamo una squadra forte, che si \u00e8 rinforzata, di qualit\u00e0, con un grande allenatore. Ieri \u00e8 stato il primo giorno che ho rivisto tutti quanti i ragazzi, abbiamo analizzato la sconfitta di Udine che \u00e8 arrivata a causa nostra. Siamo stati sotto il nostro standard, abbiamo preso due gol su palla inattiva per disattenzioni nostre. Sappiamo che dobbiamo fare di pi\u00f9 e meglio, a partire dal sottoscritto e da quei giocatori che sono stati fondamentali in questo anno e mezzo e stanno lavorando per ritrovare la forma giusta&#8221;. Ma per il tecnico nerazzurro il futuro promette bene. &#8220;La societ\u00e0 \u00e8 sempre presente, ci supporta in ogni momento. Per me parla la mia storia: dove alleno io aumentano i ricavi, si dimezzano le perdite e arrivano i trofei. E&#8217; stato cos\u00ec alla Lazio ed \u00e8 cos\u00ec all&#8217;Inter. Abbiamo qualche punto di ritardo, ma stiamo lavorando, il tempo in questa sosta non \u00e8 stato tantissimo, sono rimasti 4 giocatori di movimento pi\u00f9 i due portieri. Adesso dovremo cercare di far parlare il campo ma col lavoro riusciremo a risalire. La squadra \u00e8 matura e sa che pu\u00f2 e deve fare di pi\u00f9&#8221;. Out Brozovic e con Gagliardini che al massimo sar\u00e0 disponibile per la panchina, Inzaghi \u00e8 pronto a lanciare Asllani mentre per Lukaku bisogner\u00e0 aspettare: &#8220;C&#8217;\u00e8 stato un rallentamento che ci toglie un giocatore importante. Lo staff sta lavorando nel migliore dei modi per recuperarlo, \u00e8 passato un mese e servir\u00e0 ancora un p\u00f2 di tempo&#8221;.<br \/>&#8211; foto LivePhotoSport &#8211;  <br \/>(ITALPRESS).<\/div>\n<div id=\"div-gpt-ad-Messinaoggi.it-DSK-300x250-corpoart\" style=\"text-align:center;margin:0 auto;\"><\/div><\/p><div id=\"videoincontent\" style=\"clear:both\";><\/div>","protected":false},"excerpt":{"rendered":"<p>APPIANO GENTILE (ITALPRESS) &#8211; &#8220;Noi allenatori siamo sempre a rischio, bisogna sempre prendere tante decisioni, in allenamento e in partita, ma sono tranquillo, lavoro giornalmente col mio staff e i miei giocatori e ho la tranquillit\u00e0 giusta&#8221;. Simone Inzaghi non teme per la sua panchina ed \u00e8 forte della fiducia del club. L&#8217;Inter ha gi\u00e0 [&hellip;]<\/p>\n","protected":false},"author":18,"featured_media":123897,"comment_status":"closed","ping_status":"closed","sticky":false,"template":"","format":"standard","meta":{"ub_ctt_via":"","_mi_skip_tracking":false},"categories":[446],"tags":[783],"featured_image_src":"https:\/\/www.messinaoggi.it\/website\/wp-content\/uploads\/2022\/09\/20220930_0944.jpg","author_info":{"display_name":"Admin","author_link":"https:\/\/www.messinaoggi.it\/website\/author\/admin\/"},"digistream_id":0,"digistream":false,"_links":{"self":[{"href":"https:\/\/www.messinaoggi.it\/website\/wp-json\/wp\/v2\/posts\/123896"}],"collection":[{"href":"https:\/\/www.messinaoggi.it\/website\/wp-json\/wp\/v2\/posts"}],"about":[{"href":"https:\/\/www.messinaoggi.it\/website\/wp-json\/wp\/v2\/types\/post"}],"author":[{"embeddable":true,"href":"https:\/\/www.messinaoggi.it\/website\/wp-json\/wp\/v2\/users\/18"}],"replies":[{"embeddable":true,"href":"https:\/\/www.messinaoggi.it\/website\/wp-json\/wp\/v2\/comments?post=123896"}],"version-history":[{"count":0,"href":"https:\/\/www.messinaoggi.it\/website\/wp-json\/wp\/v2\/posts\/123896\/revisions"}],"wp:featuredmedia":[{"embeddable":true,"href":"https:\/\/www.messinaoggi.it\/website\/wp-json\/wp\/v2\/media\/123897"}],"wp:attachment":[{"href":"https:\/\/www.messinaoggi.it\/website\/wp-json\/wp\/v2\/media?parent=123896"}],"wp:term":[{"taxonomy":"category","embeddable":true,"href":"https:\/\/www.messinaoggi.it\/website\/wp-json\/wp\/v2\/categories?post=123896"},{"taxonomy":"post_tag","embeddable":true,"href":"https:\/\/www.messinaoggi.it\/website\/wp-json\/wp\/v2\/tags?post=123896"}],"curies":[{"name":"wp","href":"https:\/\/api.w.org\/{rel}","templated":true}]}}