{"id":12389,"date":"2017-12-03T18:35:39","date_gmt":"2017-12-03T17:35:39","guid":{"rendered":"http:\/\/www.messinaoggi.it\/website\/?p=12389"},"modified":"2017-12-03T18:35:39","modified_gmt":"2017-12-03T17:35:39","slug":"modica-poca-cattiveria-negli-ultimi-metri-il-2-0-ci-ha-tagliato-le-gambe-lamazza-lavoriamo-per-una-punta","status":"publish","type":"post","link":"https:\/\/www.messinaoggi.it\/website\/2017\/12\/03\/modica-poca-cattiveria-negli-ultimi-metri-il-2-0-ci-ha-tagliato-le-gambe-lamazza-lavoriamo-per-una-punta\/","title":{"rendered":"Modica: \u201cPoca cattiveria negli ultimi metri. Il 2-0 ci ha tagliato le gambe\u201d. Lamazza: \u201cLavoriamo per una punta\u201d"},"content":{"rendered":"<p>E\u2019 un mister Modica deluso e rammaricato quello che si presenta ai microfoni della mix zone al termine del match contro la Sancataldese. La sconfitta dinterrompe la striscia positiva iniziata a Palazzolo a novembre e il tecnico prova ad analizzare le motivazioni di questo passo falso: \u201c<em>Oggi ha fatto gol il giocatore pi\u00f9 alto loro <\/em>(Zappal\u00e0, ndr)<em>. E\u2019 stato bravo a colpirla, ma secondo me non ha cercato l\u2019angolino. Ancora una volta abbiamo peccato in attenzione e concentrazione nei primi minuti. Per la prima parte della gara sono molto soddisfatto.<\/em><br \/>\n<em>Abbiamo messo molti palloni in area, attaccato con continuit\u00e0 ed il nostro portiere \u00e8 stato poco impegnato. Abbiamo avuto un\u2019occasione sullo 0-0 con Rosafio, ma ha fatto una scelta sbagliata. Ecco dove sta la differenza tra noi e gli avversari. Lia ha fatto belle sovrapposizioni ma non siamo riusciti a chiudere a centro area. Ci \u00e8 mancata la fame e la cattiveria negli ultimi metri. Poi il 2-0 ci ha tagliato le gambe: un gol nato da un cambio rimessa, da una palla presa a Migliorini con un mezzo fallo. Con disordine ci siamo ripresi e l\u2019abbiamo riaperta con Dezai, anche se abbiamo sbagliato tanti passaggi di misura, la pulizia della giocata non c\u2019\u00e8 stata pi\u00f9. Loro alla fine ci hanno provato solo con qualche ripartenza. C\u2019\u00e8 delusione per il risultato finale\u201d. <\/em><br \/>\nModica si sofferma anche sull\u2019arbitraggio e sull\u2019episodio del gol annullato a Ragosta per una sospetta posizione di fuorigioco: <em>\u201cRagosta mi ha giurato che la sua posizione era buona. Onestamente se viene fuori dalla barriera non pu\u00f2 essere fuorigioco, ma bisogna guardarla meglio. Era una giocata studiata venerd\u00ec, ci era riuscita ed eravamo contenti. Al di l\u00e0 del fuorigioco ci sono punizioni a met\u00e0 campo che sono deleterie se fischiate, perch\u00e9 ti puoi sbilanciare ed esporti a ripartenze. Diventa un problema perch\u00e9 potremmo apparire scriteriati\u201d. <\/em>Poi sulle scelte di formazione e sulle condizioni di Lavrendi, sostituito ad inizio ripresa: \u201c<em>Ho cercato di mettere dentro i pi\u00f9 esperti a met\u00e0 campo e in attacco, perch\u00e8 dovevamo fare la partita. Non mi \u00e8 andata bene e col senno di poi si pu\u00f2 dire tutto. Il portiere l\u2019abbiamo preso per farlo giocare, cos\u00ec come gli altri che possono arrivare in settimana. Lavrendi ha un\u2019infiammazione al nervo sciatico. Il problema sembrava rientrato in settimana, invece si \u00e8 fatto sentire a partita in corso e lo ha limitato\u201d.<\/em><br \/>\nSul mercato, invece, il fedelissimo di Zeman preferisce non dire nulla che non sia gi\u00e0 noto per evitare anche che certe dinamiche possano condizionare l\u2019atteggiamento di alcuni calciatori in organico: \u201c<em>E\u2019 chiaro che il mercato potrebbe distogliere, ma non voglio pensare questo. A Messina si amplifica tutto, ma loro sanno che godono della mia stima e fiducia e se fosse cos\u00ec mi dispiacerebbe. Anzi, chi non aveva voglia di fare qualcosa deve approfittare del momento e dimostrare che \u00e8 da Messina. Non posso dire tutto sulle necessit\u00e0 della squadra perch\u00e9 non sarebbe corretto per i ragazzi. Nelle ultime 5 abbiamo fatto bene con questi, avevamo trovato una sinergia comune. Delle esigenze ne ho parlato con presidente e direttore: sapevamo per esempio di non poter andare avanti col solo Mascari in attacco e che una punta sarebbe fondamentale. Per me adesso questi ragazzi sono i migliori del mondo cos\u00ec come chi arriver\u00e0. Chi vuole rimanere pu\u00f2 farlo, mentre la porta \u00e8 aperta per chi vuole migliorare da altre parti. Abbiamo due terzini sinistri col piede destro, una sola punta, sappiamo di avere dei limiti. Abbiamo puntato sul lavoro e la voglia dei ragazzi rimanere con me per dimostrare tutto il loro potenziale. Ora mancano 2 partite per la fine del girone d\u2019andata, c\u2019\u00e8 il mercato aperto che chiuder\u00e0 il 17 e quindi dobbiamo fare qualcosa necessariamente. Se si costruiscono tante palle gol e non si segna qualche cosa ci manca avanti\u201d<\/em>.<br \/>\nSubito dopo \u00e8 il turno del ds Francesco Lamazza, che dopo aver analizzato la partita entra sul tema mercato: \u201c<em>Abbiamo pagato a caro prezzo un appoggio, perch\u00e9 non si pu\u00f2 definire un tiro. Poi abbiamo costruito tanto e c\u2019\u00e8 stato un gol annullato come al solito. Nell\u2019azione del secondo gol ci manca una punizione a favore nostro. Insomma una partita nata male e finita peggio. Oggi 3-4 giocatori non sono riusciti a entrare in partita. Sul mercato mancano la punta tanto richiesta e alcuni under. Al centro in difesa ne abbiamo 4, stiamo aspettando che rientrino Bruno e Cassaro. Quindi non penso che interverremo sui centrali. Per quanto riguarda la punta abbiamo le idee chiare: ci siamo 3 giocatori che stiamo puntando e uno dei tre arriver\u00e0. Non si prende un attaccante tanto per prenderlo\u201d. <\/em>A tal proposito la prossima settimana potrebbe essere importante per gli arrivi: <em>\u201cNon dipende solo da noi, fosse per me avrei gi\u00e0 chiuso tutto ieri. Aspettiamo che le societ\u00e0 liberino i giocatori. In ogni caso spero di chiudere il mercato in settimana. Qualcuno potrebbe arrivare da categorie superiori col nulla osta per essere impiegato da gennaio\u201d. <\/em>Chiusura su quali possono essere gli obiettivi stagionali del Messina e sul rapporto col presidente Sciotto: \u201c<em>Io ci credo nei playoff, come la squadra e il mister. Ci dobbiamo credere fino alla fine, anche se risalire la china non \u00e8 facile. Dal nostro arrivo il presidente ci \u00e8 sempre stato vicino. Non posso che parlarne bene. Facciamo tante riunioni e stiamo andando ad aggiustare una squadra con tante carenze e alcuni esuberi\u201d. <\/em><div id=\"div-gpt-ad-Messinaoggi.it-DSK-300x250-corpoart\" style=\"text-align:center;margin:0 auto;\"><\/div><\/p>\n<div id=\"videoincontent\" style=\"clear:both\";><\/div>","protected":false},"excerpt":{"rendered":"<p>E\u2019 un mister Modica deluso e rammaricato quello che si presenta ai microfoni della mix zone al termine del match contro la Sancataldese. La sconfitta dinterrompe la striscia positiva iniziata a Palazzolo a novembre e il tecnico prova ad analizzare le motivazioni di questo passo falso: \u201cOggi ha fatto gol il giocatore pi\u00f9 alto loro [&hellip;]<\/p>\n","protected":false},"author":13,"featured_media":12379,"comment_status":"closed","ping_status":"open","sticky":false,"template":"","format":"standard","meta":{"ub_ctt_via":"","_mi_skip_tracking":false},"categories":[10],"tags":[],"featured_image_src":"https:\/\/www.messinaoggi.it\/website\/wp-content\/uploads\/2017\/12\/giacomo-modica-RRP_5664.jpg","author_info":{"display_name":"Alessandro Tavani","author_link":"https:\/\/www.messinaoggi.it\/website\/author\/a-tavani\/"},"digistream_id":0,"digistream":false,"_links":{"self":[{"href":"https:\/\/www.messinaoggi.it\/website\/wp-json\/wp\/v2\/posts\/12389"}],"collection":[{"href":"https:\/\/www.messinaoggi.it\/website\/wp-json\/wp\/v2\/posts"}],"about":[{"href":"https:\/\/www.messinaoggi.it\/website\/wp-json\/wp\/v2\/types\/post"}],"author":[{"embeddable":true,"href":"https:\/\/www.messinaoggi.it\/website\/wp-json\/wp\/v2\/users\/13"}],"replies":[{"embeddable":true,"href":"https:\/\/www.messinaoggi.it\/website\/wp-json\/wp\/v2\/comments?post=12389"}],"version-history":[{"count":0,"href":"https:\/\/www.messinaoggi.it\/website\/wp-json\/wp\/v2\/posts\/12389\/revisions"}],"wp:featuredmedia":[{"embeddable":true,"href":"https:\/\/www.messinaoggi.it\/website\/wp-json\/wp\/v2\/media\/12379"}],"wp:attachment":[{"href":"https:\/\/www.messinaoggi.it\/website\/wp-json\/wp\/v2\/media?parent=12389"}],"wp:term":[{"taxonomy":"category","embeddable":true,"href":"https:\/\/www.messinaoggi.it\/website\/wp-json\/wp\/v2\/categories?post=12389"},{"taxonomy":"post_tag","embeddable":true,"href":"https:\/\/www.messinaoggi.it\/website\/wp-json\/wp\/v2\/tags?post=12389"}],"curies":[{"name":"wp","href":"https:\/\/api.w.org\/{rel}","templated":true}]}}