{"id":123823,"date":"2022-09-30T09:07:51","date_gmt":"2022-09-30T07:07:51","guid":{"rendered":"https:\/\/www.messinaoggi.it\/website\/2022\/09\/30\/calenda-il-governo-rassicuri-i-mercati-cinque-punti-per-dialogare\/"},"modified":"2022-09-30T10:37:23","modified_gmt":"2022-09-30T08:37:23","slug":"calenda-il-governo-rassicuri-i-mercati-cinque-punti-per-dialogare","status":"publish","type":"post","link":"https:\/\/www.messinaoggi.it\/website\/2022\/09\/30\/calenda-il-governo-rassicuri-i-mercati-cinque-punti-per-dialogare\/","title":{"rendered":"Calenda \u201cIl governo rassicuri i mercati, cinque punti per dialogare\u201d"},"content":{"rendered":"<div>ROMA (ITALPRESS) &#8211; &#8220;Un piano di protezione del Paese in cinque punti. I primo? Rassicurare i mercati cancellando le promesse folli di Salvini e Berlusconi sulle pensioni, sulla flat tax e su raddoppio del reddito di cittadinanza&#8221;. Lo dice, in un&#8217;intervista al Corriere della Sera, il leader di Azione Carlo Calenda che aggiunge: &#8220;siamo disposti a dialogare con il governo. Ma se perdiamo tempo con le bizze di Salvini e le discussioni interne al Pd rischiamo di perderci per strada il Paese. La rivoluzione dei 5 Stelle \u00e8 fallita come quella della Lega e ora proviamo Meloni, non riusciamo a uscire dalla trappola del populismo&#8221;. Per Calenda &#8220;dobbiamo chiarire subito all&#8217;Ue che andremo avanti con le riforme, senza rinegoziazioni. Bisogna intervenire sulle bollette, disaccoppiando rinnovabili e gas, realizzando subito il rigassificatore di Piombino e le altre opere strategiche. Poi salario minimo a 9 euro, formazione e collocamento dei percettori del reddito e dare la possibilit\u00e0 di pagare una mensilit\u00e0 in pi\u00f9 ai lavoratori, detassata e recuperata al 50 per cento con credito d&#8217;imposta&#8221;.<br \/>(ITALPRESS).<br \/>-foto agenziafotogramma.it-<\/div>\n<div id=\"div-gpt-ad-Messinaoggi.it-DSK-300x250-corpoart\" style=\"text-align:center;margin:0 auto;\"><\/div><\/p><div id=\"videoincontent\" style=\"clear:both\";><\/div>","protected":false},"excerpt":{"rendered":"<p>ROMA (ITALPRESS) &#8211; &#8220;Un piano di protezione del Paese in cinque punti. I primo? Rassicurare i mercati cancellando le promesse folli di Salvini e Berlusconi sulle pensioni, sulla flat tax e su raddoppio del reddito di cittadinanza&#8221;. Lo dice, in un&#8217;intervista al Corriere della Sera, il leader di Azione Carlo Calenda che aggiunge: &#8220;siamo disposti [&hellip;]<\/p>\n","protected":false},"author":18,"featured_media":123824,"comment_status":"closed","ping_status":"closed","sticky":false,"template":"","format":"standard","meta":{"ub_ctt_via":"","_mi_skip_tracking":false},"categories":[446,4],"tags":[783],"featured_image_src":"https:\/\/www.messinaoggi.it\/website\/wp-content\/uploads\/2022\/09\/20220930_0076.jpg","author_info":{"display_name":"Admin","author_link":"https:\/\/www.messinaoggi.it\/website\/author\/admin\/"},"digistream_id":0,"digistream":false,"_links":{"self":[{"href":"https:\/\/www.messinaoggi.it\/website\/wp-json\/wp\/v2\/posts\/123823"}],"collection":[{"href":"https:\/\/www.messinaoggi.it\/website\/wp-json\/wp\/v2\/posts"}],"about":[{"href":"https:\/\/www.messinaoggi.it\/website\/wp-json\/wp\/v2\/types\/post"}],"author":[{"embeddable":true,"href":"https:\/\/www.messinaoggi.it\/website\/wp-json\/wp\/v2\/users\/18"}],"replies":[{"embeddable":true,"href":"https:\/\/www.messinaoggi.it\/website\/wp-json\/wp\/v2\/comments?post=123823"}],"version-history":[{"count":1,"href":"https:\/\/www.messinaoggi.it\/website\/wp-json\/wp\/v2\/posts\/123823\/revisions"}],"predecessor-version":[{"id":123842,"href":"https:\/\/www.messinaoggi.it\/website\/wp-json\/wp\/v2\/posts\/123823\/revisions\/123842"}],"wp:featuredmedia":[{"embeddable":true,"href":"https:\/\/www.messinaoggi.it\/website\/wp-json\/wp\/v2\/media\/123824"}],"wp:attachment":[{"href":"https:\/\/www.messinaoggi.it\/website\/wp-json\/wp\/v2\/media?parent=123823"}],"wp:term":[{"taxonomy":"category","embeddable":true,"href":"https:\/\/www.messinaoggi.it\/website\/wp-json\/wp\/v2\/categories?post=123823"},{"taxonomy":"post_tag","embeddable":true,"href":"https:\/\/www.messinaoggi.it\/website\/wp-json\/wp\/v2\/tags?post=123823"}],"curies":[{"name":"wp","href":"https:\/\/api.w.org\/{rel}","templated":true}]}}