{"id":123632,"date":"2022-09-28T17:13:34","date_gmt":"2022-09-28T15:13:34","guid":{"rendered":"http:\/\/www.messinaoggi.it\/website\/?p=123632"},"modified":"2022-09-28T17:17:39","modified_gmt":"2022-09-28T15:17:39","slug":"de-luca-avra-un-europarlamentare","status":"publish","type":"post","link":"https:\/\/www.messinaoggi.it\/website\/2022\/09\/28\/de-luca-avra-un-europarlamentare\/","title":{"rendered":"De Luca avr\u00e0 un europarlamentare"},"content":{"rendered":"\n<p>Pu\u00f2 esultare Cateno De Luca perch\u00e9 per effetto del risiko delle poltrone, avr\u00e0 un deputato al Parlamento europeo. Si tratta del palermitano Igor Gelarda, ex consigliere comunale della Lega, candidato alle europee del 2019, e primo dei non eletti dietro Annalisa Tardino.<div id=\"div-gpt-ad-Messinaoggi.it-DSK-300x250-corpoart\" style=\"text-align:center;margin:0 auto;\"><\/div><\/p>\n\n\n\n<p>La stessa \u00e8 stata eletta nella tornata elettorale del 25 settembre alla Camera dei Deputati e dovr\u00e0 quindi lasciare il suo seggio a Gelarda che, nel frattempo, ha abbracciato il progetto De Luca, che a questo punto con un pizzico di fantasia ironica potrebbe diventare &#8220;Cateno De Luca sindaco d&#8217;Europa&#8221;.<div id=\"videoincontent\" style=\"clear:both\";><\/div><\/p>\n\n\n\n<p>A parte tutto, se Gelarda continuer\u00e0 a &#8220;giurare&#8221; il suo amore per lo &#8220;Sciamano del Nisi&#8221;, il progetto di De Luca si espande all&#8217;Europa.<\/p>\n","protected":false},"excerpt":{"rendered":"<p>Pu\u00f2 esultare Cateno De Luca perch\u00e9 per effetto del risiko delle poltrone, avr\u00e0 un deputato al Parlamento europeo. Si tratta del palermitano Igor Gelarda, ex consigliere comunale della Lega, candidato alle europee del 2019, e primo dei non eletti dietro Annalisa Tardino. La stessa \u00e8 stata eletta nella tornata elettorale del 25 settembre alla Camera [&hellip;]<\/p>\n","protected":false},"author":2,"featured_media":123639,"comment_status":"open","ping_status":"open","sticky":false,"template":"","format":"standard","meta":{"ub_ctt_via":"","_mi_skip_tracking":false},"categories":[19],"tags":[126,5110,995],"featured_image_src":"https:\/\/www.messinaoggi.it\/website\/wp-content\/uploads\/2022\/09\/PE.jpg","author_info":{"display_name":"Redazione","author_link":"https:\/\/www.messinaoggi.it\/website\/author\/redazione\/"},"digistream_id":0,"digistream":false,"_links":{"self":[{"href":"https:\/\/www.messinaoggi.it\/website\/wp-json\/wp\/v2\/posts\/123632"}],"collection":[{"href":"https:\/\/www.messinaoggi.it\/website\/wp-json\/wp\/v2\/posts"}],"about":[{"href":"https:\/\/www.messinaoggi.it\/website\/wp-json\/wp\/v2\/types\/post"}],"author":[{"embeddable":true,"href":"https:\/\/www.messinaoggi.it\/website\/wp-json\/wp\/v2\/users\/2"}],"replies":[{"embeddable":true,"href":"https:\/\/www.messinaoggi.it\/website\/wp-json\/wp\/v2\/comments?post=123632"}],"version-history":[{"count":2,"href":"https:\/\/www.messinaoggi.it\/website\/wp-json\/wp\/v2\/posts\/123632\/revisions"}],"predecessor-version":[{"id":123641,"href":"https:\/\/www.messinaoggi.it\/website\/wp-json\/wp\/v2\/posts\/123632\/revisions\/123641"}],"wp:featuredmedia":[{"embeddable":true,"href":"https:\/\/www.messinaoggi.it\/website\/wp-json\/wp\/v2\/media\/123639"}],"wp:attachment":[{"href":"https:\/\/www.messinaoggi.it\/website\/wp-json\/wp\/v2\/media?parent=123632"}],"wp:term":[{"taxonomy":"category","embeddable":true,"href":"https:\/\/www.messinaoggi.it\/website\/wp-json\/wp\/v2\/categories?post=123632"},{"taxonomy":"post_tag","embeddable":true,"href":"https:\/\/www.messinaoggi.it\/website\/wp-json\/wp\/v2\/tags?post=123632"}],"curies":[{"name":"wp","href":"https:\/\/api.w.org\/{rel}","templated":true}]}}