{"id":123620,"date":"2022-09-28T16:32:52","date_gmt":"2022-09-28T14:32:52","guid":{"rendered":"https:\/\/www.messinaoggi.it\/website\/2022\/09\/28\/palermo-istituito-tavolo-esperti-su-fiscalita-e-bilanci-enti-locali\/"},"modified":"2022-09-28T16:32:52","modified_gmt":"2022-09-28T14:32:52","slug":"palermo-istituito-tavolo-esperti-su-fiscalita-e-bilanci-enti-locali","status":"publish","type":"post","link":"https:\/\/www.messinaoggi.it\/website\/2022\/09\/28\/palermo-istituito-tavolo-esperti-su-fiscalita-e-bilanci-enti-locali\/","title":{"rendered":"Palermo, istituito tavolo esperti su fiscalit\u00e0 e bilanci Enti Locali"},"content":{"rendered":"<div>\n<p>PALERMO (ITALPRESS) \u2013 Adozione di nuove strategie programmatiche della gestione della spesa pubblica locale e di nuove iniziative di patto fiscale con i contribuenti per contrastare l\u2019evasione. Questi sono solo alcuni degli obiettivi che vuole perseguire il Tavolo tecnico su Fiscalit\u00e0 e bilanci degli enti locali, istituito oggi dalla Citt\u00e0 Metropolitana e presieduto dal sindaco Roberto Lagalla, con il coordinamento di Angelo Cuva, docente di Diritto tributario all\u2019Universit\u00e0 di Palermo, avvocato cassazionista e revisore contabile. Faranno parte di questo tavolo, oltre all\u2019assessore al Bilancio del Comune di Palermo Carolina Varchi, esperti nelle discipline di fiscalit\u00e0 locale e di contabilit\u00e0 pubblica avvocati, commercialisti, docenti e generali della guardia di finanza e i rappresentanti dell\u2019Anci e dell\u2019Asael. In particolare, ne fanno parte: il generale di Corpo d\u2019Armata della guardia di finanza Ugo Marchetti e il generale di Brigata della guardia di finanza Giuseppe Sironi; i professori di Diritto tributario Antonio Perrone e di Economia aziendale Salvatore Cincimino; il presidente dell\u2019Ordine dei Dottori commercialisti ed Esperti contabili di Palermo Nicol\u00f2 La Barbera; i dottori commercialisti Riccardo Compagnino, Antonino Sciacchitano e Antonino Maraventano; l\u2019avvocato cassazionista Alessandro Dagnino. \u201cAbbiamo deciso di avviare questo tavolo tecnico in un quadro di crisi della finanza pubblica locale in Sicilia \u2013 afferma il sindaco della Citt\u00e0 Metropolitana Roberto Lagalla \u2013 aggravata dalla pandemia e dalla scarsa capacit\u00e0 di riscossione delle entrate tributarie. Tutto ci\u00f2 ha comportato minori entrate e maggiori spese con evidenti ripercussioni sui bilanci comunali. Per queste ragioni occorre pensare ad un nuovo ciclo del tributo, non soltanto in una logica esclusivamente impositiva, e ideare un nuovo modello finalizzato a favorire una sorta di patto fiscale con i contribuenti da un lato e che riduca, dall\u2019altro lato, la necessit\u00e0 di ricorrere a forme coattive di riscossione\u201d. \u201cE\u2019 necessario proporre \u2013 spiega l\u2019assessore Carolina Varchi \u2013  un modello innovativo per un sistema tributario locale mirato al miglioramento delle relazioni tra cittadino e pubblica amministrazione, in grado di facilitare l\u2019adempimento spontaneo del contribuente al suo dovere tributario, in una logica di lotta all\u2019evasione fondata su strumenti di comunicazione e di cooperazione.  Unitamente a questo rimane prioritario il riallineamento della contabilit\u00e0 dell\u2019ente con la predisposizione dei bilanci. L\u2019ambizione di questa amministrazione \u00e8 che Palermo riacquisti la propria credibilit\u00e0 a livello nazionale e confido nel fatto che da qui possa partire un nuovo modo di amministrare le grandi citt\u00e0\u201d. Il coordinatore del tavolo, Angelo Cuva, ha osservato  come \u201cl\u2019istituzione di un tavolo tecnico promosso dalla Citt\u00e0 metropolitana risponda, da una lato, alla logica di favorire una opportuna e, in alcuni casi, necessaria collaborazione dei Comuni nella gestione e programmazione della fiscalit\u00e0 locale, in considerazione delle gravi carenze strutturali e finanziarie che li caratterizzano e, dall\u2019altro, alla esigenza di coinvolgere diverse professionalit\u00e0 che possano contribuire alla elaborazione di proposte di interventi correttivi legislativi e regolamentari idonei a modificare una quadro normativo che non appare pi\u00f9 adeguato alle esigenze degli Enti locali anche in considerazione dell\u2019attuale scenario storico di crisi epocale\u201d.<br \/>(ITALPRESS).<div id=\"div-gpt-ad-Messinaoggi.it-DSK-300x250-corpoart\" style=\"text-align:center;margin:0 auto;\"><\/div><\/p>\n<p>\u2013 foto ufficio stampa Citt\u00e0 Metropolitana di Palermo \u2013<div id=\"videoincontent\" style=\"clear:both\";><\/div><\/p>\n<\/div>\n","protected":false},"excerpt":{"rendered":"<p>PALERMO (ITALPRESS) \u2013 Adozione di nuove strategie programmatiche della gestione della spesa pubblica locale e di nuove iniziative di patto fiscale con i contribuenti per contrastare l\u2019evasione. Questi sono solo alcuni degli obiettivi che vuole perseguire il Tavolo tecnico su Fiscalit\u00e0 e bilanci degli enti locali, istituito oggi dalla Citt\u00e0 Metropolitana e presieduto dal sindaco [&hellip;]<\/p>\n","protected":false},"author":18,"featured_media":123621,"comment_status":"closed","ping_status":"closed","sticky":false,"template":"","format":"standard","meta":{"ub_ctt_via":"","_mi_skip_tracking":false},"categories":[2449],"tags":[783],"featured_image_src":"https:\/\/www.messinaoggi.it\/website\/wp-content\/uploads\/2022\/09\/20220928_1716.jpg","author_info":{"display_name":"Admin","author_link":"https:\/\/www.messinaoggi.it\/website\/author\/admin\/"},"digistream_id":0,"digistream":false,"_links":{"self":[{"href":"https:\/\/www.messinaoggi.it\/website\/wp-json\/wp\/v2\/posts\/123620"}],"collection":[{"href":"https:\/\/www.messinaoggi.it\/website\/wp-json\/wp\/v2\/posts"}],"about":[{"href":"https:\/\/www.messinaoggi.it\/website\/wp-json\/wp\/v2\/types\/post"}],"author":[{"embeddable":true,"href":"https:\/\/www.messinaoggi.it\/website\/wp-json\/wp\/v2\/users\/18"}],"replies":[{"embeddable":true,"href":"https:\/\/www.messinaoggi.it\/website\/wp-json\/wp\/v2\/comments?post=123620"}],"version-history":[{"count":0,"href":"https:\/\/www.messinaoggi.it\/website\/wp-json\/wp\/v2\/posts\/123620\/revisions"}],"wp:featuredmedia":[{"embeddable":true,"href":"https:\/\/www.messinaoggi.it\/website\/wp-json\/wp\/v2\/media\/123621"}],"wp:attachment":[{"href":"https:\/\/www.messinaoggi.it\/website\/wp-json\/wp\/v2\/media?parent=123620"}],"wp:term":[{"taxonomy":"category","embeddable":true,"href":"https:\/\/www.messinaoggi.it\/website\/wp-json\/wp\/v2\/categories?post=123620"},{"taxonomy":"post_tag","embeddable":true,"href":"https:\/\/www.messinaoggi.it\/website\/wp-json\/wp\/v2\/tags?post=123620"}],"curies":[{"name":"wp","href":"https:\/\/api.w.org\/{rel}","templated":true}]}}