{"id":123528,"date":"2022-09-27T20:32:50","date_gmt":"2022-09-27T18:32:50","guid":{"rendered":"https:\/\/www.messinaoggi.it\/website\/2022\/09\/27\/elezioni-sicilia-demopolis-astensione-per-bassa-fiducia-cittadini\/"},"modified":"2022-09-27T21:35:34","modified_gmt":"2022-09-27T19:35:34","slug":"elezioni-sicilia-demopolis-astensione-per-bassa-fiducia-cittadini","status":"publish","type":"post","link":"https:\/\/www.messinaoggi.it\/website\/2022\/09\/27\/elezioni-sicilia-demopolis-astensione-per-bassa-fiducia-cittadini\/","title":{"rendered":"Elezioni Sicilia, Demopolis \u201cAstensione per bassa fiducia cittadini\u201d"},"content":{"rendered":"<div>\n<p>ROMA (ITALPRESS) \u2013 L\u2019astensione \u00e8 stata anche in questa occasione il dato pi\u00f9 caratterizzante nel voto per le Regionali in Sicilia: nonostante l\u2019Election Day, la coincidenza di Elezioni Politiche e Regionali, domenica scorsa ha votato nell\u2019Isola meno di 1 elettore su 2. Appena il 49%. Oltre 2 milioni di siciliani non si sono recati alle urne. L\u2019Istituto Demopolis ha indagato sulle ragioni dell\u2019astensione. \u201cEmerge \u2013 spiega il direttore di Demopolis Pietro Vento \u2013 una chiara compromissione della fiducia dei cittadini. Una larga maggioranza dei siciliani, il 52%, appare convinta che la politica regionale non sia in grado, da molto tempo, di incidere sulla vita reale delle famiglie nell\u2019Isola\u201d. Tra quanti si sono recati alle urne si conferma una tendenza sempre pi\u00f9 netta in Sicilia: soltanto una minoranza, poco meno di un terzo, dichiara di aver votato in base alla propria appartenenza di partito. \u201cAd influire \u2013 aggiunge Pietro Vento \u2013 \u00e8 stata soprattutto la scelta del candidato alla Presidenza, dirimente per il 40% di chi si \u00e8 recato alle urne; ha pesato anche, per il 38% degli elettori, il candidato in lista per l\u2019ARS a livello provinciale: \u00e8 un dato, quest\u2019ultimo, rivelatosi importante per il Centro Destra e che ha contribuito a favorire, nell\u2019ultima settimana, un\u2019ulteriore crescita del consenso al nuovo Presidente della Regione Renato Schifani\u201d. L\u2019analisi dei flussi elettorali conferma gli spostamenti del voto rispetto al 2017. L\u2019Istituto Demopolis ha analizzato la composizione del consenso al nuovo Presidente della Regione: su 100 elettori che hanno scelto oggi Renato Schifani (quasi 900 mila), 82 avevano votato Musumeci alle Regionali del 2017. 4 elettori odierni su 100 di Schifani avevano votato nel 2017 per Giancarlo Cancelleri, 3 per il candidato di Centro Sinistra M\u00eccari; un segmento di 10 su 100 proviene infine da quanti 5 anni fa non avevano votato. Significative le variazioni del consenso a Renato Schifani nelle 3 aree metropolitane: 40% a Palermo, 47% a Catania, 29% a Messina dove ha pesato la presenza del suo principale competitor Cateno De Luca (che nella provincia dello Stretto ha superato il 50%). Tra le 9 province, a premiare maggiormente il nuovo Presidente della Regione \u00e8 stata, con il 51% delle preferenze, la provincia di Agrigento. Tra le qualit\u00e0 maggiormente riconosciute dai siciliani al neo Presidente della Regione emergono la competenza e la capacit\u00e0 di governare, legate alla sua lunga esperienza politica. Nella percezione dell\u2019opinione pubblica, Schifani \u00e8 anche concreto, mentre appena il 16% lo ritiene innovativo. Demopolis ha analizzato infine le preoccupazioni economiche delle famiglie e l\u2019agenda dei siciliani per il nuovo Presidente della Regione.<br \/>\n\u201cA preoccupare in vista dell\u2019inverno \u2013 spiega il direttore dell\u2019Istituto Demopolis Pietro Vento \u2013 \u00e8 soprattutto l\u2019aumento del costo della vita e dell\u2019inflazione. 8 su 10 evidenziano l\u2019incremento, non sostenibile per la gran parte delle famiglie e delle imprese, delle bollette di gas ed energia. L\u2019esigenza di un sostegno al potere d\u2019acquisto delle famiglie supera, per la prima volta nell\u2019Isola, la priorit\u00e0 storica dell\u2019occupazione e del lavoro\u201d.<br \/>\n(ITALPRESS).<div id=\"div-gpt-ad-Messinaoggi.it-DSK-300x250-corpoart\" style=\"text-align:center;margin:0 auto;\"><\/div><\/p>\n<p>\u00a0<div id=\"videoincontent\" style=\"clear:both\";><\/div><\/p>\n<p>photo credits: demopolis<\/p>\n<\/div>\n","protected":false},"excerpt":{"rendered":"<p>ROMA (ITALPRESS) \u2013 L\u2019astensione \u00e8 stata anche in questa occasione il dato pi\u00f9 caratterizzante nel voto per le Regionali in Sicilia: nonostante l\u2019Election Day, la coincidenza di Elezioni Politiche e Regionali, domenica scorsa ha votato nell\u2019Isola meno di 1 elettore su 2. Appena il 49%. Oltre 2 milioni di siciliani non si sono recati alle [&hellip;]<\/p>\n","protected":false},"author":18,"featured_media":123529,"comment_status":"closed","ping_status":"closed","sticky":false,"template":"","format":"standard","meta":{"ub_ctt_via":"","_mi_skip_tracking":false},"categories":[19,2449],"tags":[783],"featured_image_src":"https:\/\/www.messinaoggi.it\/website\/wp-content\/uploads\/2022\/09\/20220927_1731.jpg","author_info":{"display_name":"Admin","author_link":"https:\/\/www.messinaoggi.it\/website\/author\/admin\/"},"digistream_id":0,"digistream":false,"_links":{"self":[{"href":"https:\/\/www.messinaoggi.it\/website\/wp-json\/wp\/v2\/posts\/123528"}],"collection":[{"href":"https:\/\/www.messinaoggi.it\/website\/wp-json\/wp\/v2\/posts"}],"about":[{"href":"https:\/\/www.messinaoggi.it\/website\/wp-json\/wp\/v2\/types\/post"}],"author":[{"embeddable":true,"href":"https:\/\/www.messinaoggi.it\/website\/wp-json\/wp\/v2\/users\/18"}],"replies":[{"embeddable":true,"href":"https:\/\/www.messinaoggi.it\/website\/wp-json\/wp\/v2\/comments?post=123528"}],"version-history":[{"count":1,"href":"https:\/\/www.messinaoggi.it\/website\/wp-json\/wp\/v2\/posts\/123528\/revisions"}],"predecessor-version":[{"id":123530,"href":"https:\/\/www.messinaoggi.it\/website\/wp-json\/wp\/v2\/posts\/123528\/revisions\/123530"}],"wp:featuredmedia":[{"embeddable":true,"href":"https:\/\/www.messinaoggi.it\/website\/wp-json\/wp\/v2\/media\/123529"}],"wp:attachment":[{"href":"https:\/\/www.messinaoggi.it\/website\/wp-json\/wp\/v2\/media?parent=123528"}],"wp:term":[{"taxonomy":"category","embeddable":true,"href":"https:\/\/www.messinaoggi.it\/website\/wp-json\/wp\/v2\/categories?post=123528"},{"taxonomy":"post_tag","embeddable":true,"href":"https:\/\/www.messinaoggi.it\/website\/wp-json\/wp\/v2\/tags?post=123528"}],"curies":[{"name":"wp","href":"https:\/\/api.w.org\/{rel}","templated":true}]}}