{"id":123504,"date":"2022-09-27T20:32:54","date_gmt":"2022-09-27T18:32:54","guid":{"rendered":"https:\/\/www.messinaoggi.it\/website\/2022\/09\/27\/micciche-vorrei-restare-in-sicilia-ma-a-roma-serve-mia-esperienza\/"},"modified":"2022-09-27T21:38:42","modified_gmt":"2022-09-27T19:38:42","slug":"micciche-vorrei-restare-in-sicilia-ma-a-roma-serve-mia-esperienza","status":"publish","type":"post","link":"https:\/\/www.messinaoggi.it\/website\/2022\/09\/27\/micciche-vorrei-restare-in-sicilia-ma-a-roma-serve-mia-esperienza\/","title":{"rendered":"Miccich\u00e8 \u201cVorrei restare in Sicilia, ma a Roma serve mia esperienza\u201d"},"content":{"rendered":"<div>\n<p>PALERMO (ITALPRESS) \u2013 Dopo l\u2019ottimo risultato ottenuto da Forza Italia alle elezioni regionali siciliane, dove gli Azzurri a sorpresa si stanno contendendo con Fdi il primato nel centrodestra e l\u2019elezione in Senato (terzo del suo partito per numero di preferenze dopo Edj Tamajo e Gaspare Vitrano), il coordinatore del partito di Silvio Berlusconi in Sicilia, Gianfranco Miccich\u00e8, intervistato dall\u2019Agenzia di Stampa Italpress, ha rivelato di non aver ancora deciso quale ruolo ricoprire nei prossimi cinque anni. \u201cInnanzitutto mi voglio prendere un paio di giorni di riposo perch\u00e8 gli ultimi mesi sono stati impegnativi ed estenuanti, prima nella composizione delle liste, poi nella campagna elettorale vera e propria, senza dimenticare il mio ruolo istituzionale di presidente dell\u2019Assemblea regionale \u2013 spiega Miccich\u00e8 -. Dopodich\u00e8 prender\u00f2 una decisione, che sar\u00e0 condivisa con la direzione del partito a Roma\u201d. \u201cIl mio desiderio \u00e8 quello di rimanere in Sicilia, senza pretendere poltrone o assessorati, ma semplicemente cercando di dare una mano al presidente Schifani e al mio partito \u2013 dice ancora il coordinatore siciliano di Forza Italia -, ma mi hanno gi\u00e0 fatto capire che in Senato entreranno diverse new entry del partito e che quindi la mia esperienza potrebbe essere necessaria a Roma. Vedremo, con Berlusconi non ci siamo ancora sentiti dopo il voto, ma ne riparleremo molto presto e poi prender\u00f2 una decisione\u201d. Miccich\u00e8, al di l\u00e0 delle sue scelte personali, vuole inoltre sottolineare con forza l\u2019importanza del risultato di Forza Italia nelle elezioni regionali: \u201cE\u2019 innegabile che abbiamo portato a casa un risultato importante, in un certo senso inimmaginabile, sia a livello di coalizione che di partito. Da questo punto di vista, non era facile prendere pi\u00f9 o meno gli stessi voti di Fdi, visto il suo enorme successo alle elezioni politiche e dopo cinque anni di presidenza di un suo esponente. Credo che il merito di questo successo, oltre all\u2019indubbia autorevolezza di Renato Schifani, sia da attribuire alla forza delle liste, molto forti, che abbiamo presentato\u201d.(ITALPRESS).<div id=\"div-gpt-ad-Messinaoggi.it-DSK-300x250-corpoart\" style=\"text-align:center;margin:0 auto;\"><\/div><\/p>\n<p>Photo Credits: www.agenziafotogramma.it<div id=\"videoincontent\" style=\"clear:both\";><\/div><\/p>\n<\/div>\n","protected":false},"excerpt":{"rendered":"<p>PALERMO (ITALPRESS) \u2013 Dopo l\u2019ottimo risultato ottenuto da Forza Italia alle elezioni regionali siciliane, dove gli Azzurri a sorpresa si stanno contendendo con Fdi il primato nel centrodestra e l\u2019elezione in Senato (terzo del suo partito per numero di preferenze dopo Edj Tamajo e Gaspare Vitrano), il coordinatore del partito di Silvio Berlusconi in Sicilia, [&hellip;]<\/p>\n","protected":false},"author":18,"featured_media":123505,"comment_status":"closed","ping_status":"closed","sticky":false,"template":"","format":"standard","meta":{"ub_ctt_via":"","_mi_skip_tracking":false},"categories":[19,2449],"tags":[783],"featured_image_src":"https:\/\/www.messinaoggi.it\/website\/wp-content\/uploads\/2022\/09\/20220927_1439.jpg","author_info":{"display_name":"Admin","author_link":"https:\/\/www.messinaoggi.it\/website\/author\/admin\/"},"digistream_id":0,"digistream":false,"_links":{"self":[{"href":"https:\/\/www.messinaoggi.it\/website\/wp-json\/wp\/v2\/posts\/123504"}],"collection":[{"href":"https:\/\/www.messinaoggi.it\/website\/wp-json\/wp\/v2\/posts"}],"about":[{"href":"https:\/\/www.messinaoggi.it\/website\/wp-json\/wp\/v2\/types\/post"}],"author":[{"embeddable":true,"href":"https:\/\/www.messinaoggi.it\/website\/wp-json\/wp\/v2\/users\/18"}],"replies":[{"embeddable":true,"href":"https:\/\/www.messinaoggi.it\/website\/wp-json\/wp\/v2\/comments?post=123504"}],"version-history":[{"count":1,"href":"https:\/\/www.messinaoggi.it\/website\/wp-json\/wp\/v2\/posts\/123504\/revisions"}],"predecessor-version":[{"id":123534,"href":"https:\/\/www.messinaoggi.it\/website\/wp-json\/wp\/v2\/posts\/123504\/revisions\/123534"}],"wp:featuredmedia":[{"embeddable":true,"href":"https:\/\/www.messinaoggi.it\/website\/wp-json\/wp\/v2\/media\/123505"}],"wp:attachment":[{"href":"https:\/\/www.messinaoggi.it\/website\/wp-json\/wp\/v2\/media?parent=123504"}],"wp:term":[{"taxonomy":"category","embeddable":true,"href":"https:\/\/www.messinaoggi.it\/website\/wp-json\/wp\/v2\/categories?post=123504"},{"taxonomy":"post_tag","embeddable":true,"href":"https:\/\/www.messinaoggi.it\/website\/wp-json\/wp\/v2\/tags?post=123504"}],"curies":[{"name":"wp","href":"https:\/\/api.w.org\/{rel}","templated":true}]}}