{"id":12344,"date":"2017-12-02T16:04:13","date_gmt":"2017-12-02T15:04:13","guid":{"rendered":"http:\/\/www.messinaoggi.it\/website\/?p=12344"},"modified":"2017-12-02T16:04:13","modified_gmt":"2017-12-02T15:04:13","slug":"ius-soli-noi-con-salvini-in-piazza-per-dire-no","status":"publish","type":"post","link":"https:\/\/www.messinaoggi.it\/website\/2017\/12\/02\/ius-soli-noi-con-salvini-in-piazza-per-dire-no\/","title":{"rendered":"Ius Soli, Noi con Salvini in piazza per dire No"},"content":{"rendered":"<p style=\"text-align: justify\">Noi con Salvini dice no allo Ius Soli. Oggi e domani, dalle 10 alle 19, gli esponenti del movimento del leader della Lega, saranno in via Dogali per raccogliere delle firme contro la proposta di legge che amplierebbe i criteri di concessione della cittadinanza.<div id=\"div-gpt-ad-Messinaoggi.it-DSK-300x250-corpoart\" style=\"text-align:center;margin:0 auto;\"><\/div><\/p>\n<p style=\"text-align: justify\">In molti gi\u00e0 questa mattina si sono recati al banchetto organizzato nei pressi di piazza Cairoli. Un decreto che, secondo la responsabile cittadina di Noi con Salvini, Luciana Verdiglione, presenta gravi incompatibilit\u00e0 con l\u2019attuale situazione internazionale: <em>\u201cCredo che parlare di terrorismo oggi in certi termini sia corretto e non allarmistico \u2013 ha dichiarato \u2013 non possiamo non tener conto che quasi tutti gli autori di attentati in Europa negli ultimi due anni erano a tutti gli effetti cittadini del paese che li ha cresciuti. Questo rende molto pi\u00f9 difficile risalire o identificare l\u2019attentatore, che \u00e8 a tutti gli effetti un cittadino belga o tedesco. Il governo della sinistra in questo momento storico cos\u00ec delicato non ha altro che proporre un modello adottato in altri paesi che si \u00e8 rivelato sbagliato e talvolta, addirittura anche controproducente\u201d.<\/em><div id=\"videoincontent\" style=\"clear:both\";><\/div><\/p>\n<p style=\"text-align: justify\">Per la Verdiglione vanno bene i criteri \u00a0attuali per la concessione della cittadinanza: <em>\u201cLa cittadinanza non dovrebbe essere n\u00e9 un diritto n\u00e9 un regalo, ma una conquista. Nel 2016 l\u2019Italia \u00e8 il paese in Europa che ha concesso pi\u00f9 cittadinanze, questo vuol dire che le leggi e le norme ci sono e funzionano. I minori stranieri sono tutelati, hanno gli stessi diritti dei minori italiani, il diritto alla salute o all\u2019istruzione derivano dalla residenza, non dalla cittadinanza. Quindi un minore non italiano ma residente nella nostra citt\u00e0 ha gli stessi diritti di un coetaneo italiano. Cittadinanza dev\u2019essere sinonimo di vera integrazione, cio\u00e8 di conoscenza e rispetto di leggi e cultura del paese che ti ospita\u201d.<\/em><\/p>\n","protected":false},"excerpt":{"rendered":"<p>Noi con Salvini dice no allo Ius Soli. Oggi e domani, dalle 10 alle 19, gli esponenti del movimento del leader della Lega, saranno in via Dogali per raccogliere delle firme contro la proposta di legge che amplierebbe i criteri di concessione della cittadinanza. In molti gi\u00e0 questa mattina si sono recati al banchetto organizzato [&hellip;]<\/p>\n","protected":false},"author":1,"featured_media":12345,"comment_status":"closed","ping_status":"open","sticky":false,"template":"","format":"standard","meta":{"ub_ctt_via":"","_mi_skip_tracking":false},"categories":[4],"tags":[],"featured_image_src":"https:\/\/www.messinaoggi.it\/website\/wp-content\/uploads\/2017\/12\/noi-con-salvini.jpg","author_info":{"display_name":"admin@admin.com","author_link":"https:\/\/www.messinaoggi.it\/website\/author\/adminadmin-com\/"},"digistream_id":0,"digistream":false,"_links":{"self":[{"href":"https:\/\/www.messinaoggi.it\/website\/wp-json\/wp\/v2\/posts\/12344"}],"collection":[{"href":"https:\/\/www.messinaoggi.it\/website\/wp-json\/wp\/v2\/posts"}],"about":[{"href":"https:\/\/www.messinaoggi.it\/website\/wp-json\/wp\/v2\/types\/post"}],"author":[{"embeddable":true,"href":"https:\/\/www.messinaoggi.it\/website\/wp-json\/wp\/v2\/users\/1"}],"replies":[{"embeddable":true,"href":"https:\/\/www.messinaoggi.it\/website\/wp-json\/wp\/v2\/comments?post=12344"}],"version-history":[{"count":0,"href":"https:\/\/www.messinaoggi.it\/website\/wp-json\/wp\/v2\/posts\/12344\/revisions"}],"wp:featuredmedia":[{"embeddable":true,"href":"https:\/\/www.messinaoggi.it\/website\/wp-json\/wp\/v2\/media\/12345"}],"wp:attachment":[{"href":"https:\/\/www.messinaoggi.it\/website\/wp-json\/wp\/v2\/media?parent=12344"}],"wp:term":[{"taxonomy":"category","embeddable":true,"href":"https:\/\/www.messinaoggi.it\/website\/wp-json\/wp\/v2\/categories?post=12344"},{"taxonomy":"post_tag","embeddable":true,"href":"https:\/\/www.messinaoggi.it\/website\/wp-json\/wp\/v2\/tags?post=12344"}],"curies":[{"name":"wp","href":"https:\/\/api.w.org\/{rel}","templated":true}]}}