{"id":123424,"date":"2022-09-27T07:07:53","date_gmt":"2022-09-27T05:07:53","guid":{"rendered":"https:\/\/www.messinaoggi.it\/website\/2022\/09\/27\/berlusconi-abbiamo-una-golden-share-sul-rischio-populismo\/"},"modified":"2022-09-27T07:07:53","modified_gmt":"2022-09-27T05:07:53","slug":"berlusconi-abbiamo-una-golden-share-sul-rischio-populismo","status":"publish","type":"post","link":"https:\/\/www.messinaoggi.it\/website\/2022\/09\/27\/berlusconi-abbiamo-una-golden-share-sul-rischio-populismo\/","title":{"rendered":"Berlusconi \u201cAbbiamo una golden share sul rischio populismo\u201d"},"content":{"rendered":"<div>ROMA (ITALPRESS) &#8211; &#8220;La maggioranza di centrodestra avr\u00e0 i migliori rapporti con tutti, ma i nostri riferimenti sono l&#8217;Ue e l&#8217;Alleanza Atlantica. Di questo naturalmente saremo garanti, se ce ne sar\u00e0 bisogno, nel modo pi\u00f9 assoluto, anche in quanto membri del Ppe&#8221;. Lo dice in un&#8217;intervista al &#8220;Corriere della Sera&#8221; Silvio Berlusconi, secondo cui Forza Italia \u00e8 e sar\u00e0 &#8220;protagonista del futuro di questo Paese&#8221;. &#8220;Abbiamo ottenuto un risultato vicino a quello della Lega, ma la corsa non era fra noi alleati&#8221;, sottolinea il leader azzurro. Se abbiamo una golden share sul rischio populismo? &#8220;In teoria, certo l&#8217;abbiamo, ma sono sicuro che non la dovremo mai usare. Per\u00f2 se pensassi davvero che esistesse il rischio di derive populiste, il governo non partirebbe neppure, anzi non saremmo nemmeno alleati con gli altri due partiti della nostra coalizione&#8221;, assicura.<br \/>\n&#8220;Meloni? Chi andr\u00e0 a Palazzo Chigi lo decider\u00e0 il capo dello Stato. Ma se Fratelli d&#8217;Italia dar\u00e0 questa indicazione noi lealmente la sosterremo nelle consultazioni con il presidente della Repubblica&#8221;, spiega Berlusconi, secondo cui la legge di Bilancio &#8220;dovr\u00e0 coniugare il rigore con le esigenze di tutelare imprese e famiglie. E dovr\u00e0 avviare il percorso della riforma fiscale&#8221;. FI nel governo &#8220;avr\u00e0 il peso di una forza politica numericamente e politicamente decisiva. Sui ministeri \u00e8 molto prematuro parlare, ne discuteremo con il Presidente incaricato quando ci sar\u00e0, senza dimenticare che la scelta finale compete al presidente della Repubblica. Ovviamente la collocazione internazionale del Paese, per noi \u00e8 una questione di fondamentale importanza&#8221;. Meloni &#8220;ha la stoffa del leader internazionale, certamente s\u00ec. E&#8217; stata a trent&#8217;anni ministro in un mio governo e ha lavorato molto bene. Sono sicuro che avremo con lei un&#8217;ottima collaborazione&#8221;, conclude Berlusconi.<div id=\"div-gpt-ad-Messinaoggi.it-DSK-300x250-corpoart\" style=\"text-align:center;margin:0 auto;\"><\/div><\/p>\n<p>&#8211; foto agenziafotogramma.it &#8211;<br \/>\n(ITALPRESS).<div id=\"videoincontent\" style=\"clear:both\";><\/div><\/p><\/div>\n","protected":false},"excerpt":{"rendered":"<p>ROMA (ITALPRESS) &#8211; &#8220;La maggioranza di centrodestra avr\u00e0 i migliori rapporti con tutti, ma i nostri riferimenti sono l&#8217;Ue e l&#8217;Alleanza Atlantica. Di questo naturalmente saremo garanti, se ce ne sar\u00e0 bisogno, nel modo pi\u00f9 assoluto, anche in quanto membri del Ppe&#8221;. Lo dice in un&#8217;intervista al &#8220;Corriere della Sera&#8221; Silvio Berlusconi, secondo cui Forza [&hellip;]<\/p>\n","protected":false},"author":18,"featured_media":123425,"comment_status":"closed","ping_status":"closed","sticky":false,"template":"","format":"standard","meta":{"ub_ctt_via":"","_mi_skip_tracking":false},"categories":[446],"tags":[783],"featured_image_src":"https:\/\/www.messinaoggi.it\/website\/wp-content\/uploads\/2022\/09\/20220927_0053.jpg","author_info":{"display_name":"Admin","author_link":"https:\/\/www.messinaoggi.it\/website\/author\/admin\/"},"digistream_id":0,"digistream":false,"_links":{"self":[{"href":"https:\/\/www.messinaoggi.it\/website\/wp-json\/wp\/v2\/posts\/123424"}],"collection":[{"href":"https:\/\/www.messinaoggi.it\/website\/wp-json\/wp\/v2\/posts"}],"about":[{"href":"https:\/\/www.messinaoggi.it\/website\/wp-json\/wp\/v2\/types\/post"}],"author":[{"embeddable":true,"href":"https:\/\/www.messinaoggi.it\/website\/wp-json\/wp\/v2\/users\/18"}],"replies":[{"embeddable":true,"href":"https:\/\/www.messinaoggi.it\/website\/wp-json\/wp\/v2\/comments?post=123424"}],"version-history":[{"count":0,"href":"https:\/\/www.messinaoggi.it\/website\/wp-json\/wp\/v2\/posts\/123424\/revisions"}],"wp:featuredmedia":[{"embeddable":true,"href":"https:\/\/www.messinaoggi.it\/website\/wp-json\/wp\/v2\/media\/123425"}],"wp:attachment":[{"href":"https:\/\/www.messinaoggi.it\/website\/wp-json\/wp\/v2\/media?parent=123424"}],"wp:term":[{"taxonomy":"category","embeddable":true,"href":"https:\/\/www.messinaoggi.it\/website\/wp-json\/wp\/v2\/categories?post=123424"},{"taxonomy":"post_tag","embeddable":true,"href":"https:\/\/www.messinaoggi.it\/website\/wp-json\/wp\/v2\/tags?post=123424"}],"curies":[{"name":"wp","href":"https:\/\/api.w.org\/{rel}","templated":true}]}}