{"id":12336,"date":"2017-12-02T12:26:34","date_gmt":"2017-12-02T11:26:34","guid":{"rendered":"http:\/\/www.messinaoggi.it\/website\/?p=12336"},"modified":"2017-12-02T12:26:34","modified_gmt":"2017-12-02T11:26:34","slug":"spacciava-sotto-gli-occhi-di-due-carabinieri-fuori-servizio-arrestato-marocchino","status":"publish","type":"post","link":"https:\/\/www.messinaoggi.it\/website\/2017\/12\/02\/spacciava-sotto-gli-occhi-di-due-carabinieri-fuori-servizio-arrestato-marocchino\/","title":{"rendered":"Spacciava sotto gli occhi di due carabinieri fuori servizio: arrestato marocchino"},"content":{"rendered":"<p class=\"western\" lang=\"it-IT\" align=\"JUSTIFY\"><span style=\"font-family: 'Palatino Linotype', serif\"><span style=\"font-size: medium\">Credeva di essere al sicuro nello svolgere la sua attivit\u00e0 illecita. Ma non \u00e8 andata cos<\/span><\/span><span style=\"font-family: 'Palatino Linotype', serif\"><span style=\"font-size: medium\">\u00ec. Un trentaseienne marocchino \u00e8 stato colto in flagranza di reato da due carabinieri fuori servizio che si trovavano casualmente nel luogo dove si sarebbe verificato l&#8217;accaduto. <\/span><\/span><div id=\"div-gpt-ad-Messinaoggi.it-DSK-300x250-corpoart\" style=\"text-align:center;margin:0 auto;\"><\/div><\/p>\n<p class=\"western\" lang=\"it-IT\" align=\"JUSTIFY\"><span style=\"font-family: 'Palatino Linotype', serif\"><span style=\"font-size: medium\">Il fatto si sarebbe verificato nei pressi di Provinciale, esattamente in <\/span><\/span><span style=\"font-family: 'Palatino Linotype', serif\"><span style=\"font-size: medium\">via Cardinale Guarino, dove i due uomini hanno notato lo straniero che si comportava con fare sospetto. I due militari dell\u2019Arma, sebbene non fossero in servizio, hanno deciso pertanto di seguirne i movimenti, fino a quando non lo hanno notato estrarre dalla tasca un involucro, pesarlo, e cederlo a un messinese di 43 anni.<\/span><\/span><div id=\"videoincontent\" style=\"clear:both\";><\/div><\/p>\n<p class=\"western\" lang=\"it-IT\" align=\"JUSTIFY\"><span style=\"font-family: 'Palatino Linotype', serif\"><span style=\"font-size: medium\">A quel punto \u00e8 scattato il blitz dei carabinieri che hanno subito bloccato acquirente e spacciatore. Inutile il tentativo del marocchino di divincolarsi e guadagnare la fuga.<\/span><\/span><\/p>\n<p class=\"western\" lang=\"it-IT\" align=\"JUSTIFY\"><span style=\"font-size: medium\"><span style=\"font-family: 'Palatino Linotype', serif\">I due militari lo hanno immobilizzato e tratto in arresto per spaccio di sostanze stupefacenti e resistenza pubblico ufficiale. A seguito di perquisizione personale, oltre alla marijuana, gli \u00e8 stato trovato anche un bilancino di precisione, utilizzato per pesare la droga, che \u00e8 stato sottoposto a sequestro unitamente alla sostanza stupefacente.<\/span><\/span><\/p>\n<p class=\"western\" lang=\"it-IT\" align=\"JUSTIFY\"><span style=\"font-size: medium\"><span style=\"font-family: 'Palatino Linotype', serif\">Dopo aver passato la nottata nelle camere di sicurezza della caserma di Messina Gazzi \u00e8 comparso davanti al Giudice presso il Tribunale di Messina che ha convalidato l\u2019arresto effettuato dai Carabinieri e ha disposto nei confronti del 36enne la misura degli arresti domiciliari in attesa della prossima udienza.<\/span><\/span><\/p>\n","protected":false},"excerpt":{"rendered":"<p>Credeva di essere al sicuro nello svolgere la sua attivit\u00e0 illecita. Ma non \u00e8 andata cos\u00ec. Un trentaseienne marocchino \u00e8 stato colto in flagranza di reato da due carabinieri fuori servizio che si trovavano casualmente nel luogo dove si sarebbe verificato l&#8217;accaduto. Il fatto si sarebbe verificato nei pressi di Provinciale, esattamente in via Cardinale [&hellip;]<\/p>\n","protected":false},"author":8,"featured_media":8988,"comment_status":"closed","ping_status":"open","sticky":false,"template":"","format":"standard","meta":{"ub_ctt_via":"","_mi_skip_tracking":false},"categories":[5],"tags":[],"featured_image_src":"https:\/\/www.messinaoggi.it\/website\/wp-content\/uploads\/2017\/10\/carabinieri-2.jpg","author_info":{"display_name":"red..me","author_link":"https:\/\/www.messinaoggi.it\/website\/author\/redstage\/"},"digistream_id":0,"digistream":false,"_links":{"self":[{"href":"https:\/\/www.messinaoggi.it\/website\/wp-json\/wp\/v2\/posts\/12336"}],"collection":[{"href":"https:\/\/www.messinaoggi.it\/website\/wp-json\/wp\/v2\/posts"}],"about":[{"href":"https:\/\/www.messinaoggi.it\/website\/wp-json\/wp\/v2\/types\/post"}],"author":[{"embeddable":true,"href":"https:\/\/www.messinaoggi.it\/website\/wp-json\/wp\/v2\/users\/8"}],"replies":[{"embeddable":true,"href":"https:\/\/www.messinaoggi.it\/website\/wp-json\/wp\/v2\/comments?post=12336"}],"version-history":[{"count":0,"href":"https:\/\/www.messinaoggi.it\/website\/wp-json\/wp\/v2\/posts\/12336\/revisions"}],"wp:featuredmedia":[{"embeddable":true,"href":"https:\/\/www.messinaoggi.it\/website\/wp-json\/wp\/v2\/media\/8988"}],"wp:attachment":[{"href":"https:\/\/www.messinaoggi.it\/website\/wp-json\/wp\/v2\/media?parent=12336"}],"wp:term":[{"taxonomy":"category","embeddable":true,"href":"https:\/\/www.messinaoggi.it\/website\/wp-json\/wp\/v2\/categories?post=12336"},{"taxonomy":"post_tag","embeddable":true,"href":"https:\/\/www.messinaoggi.it\/website\/wp-json\/wp\/v2\/tags?post=12336"}],"curies":[{"name":"wp","href":"https:\/\/api.w.org\/{rel}","templated":true}]}}