{"id":123334,"date":"2022-09-26T16:10:44","date_gmt":"2022-09-26T14:10:44","guid":{"rendered":"https:\/\/www.messinaoggi.it\/website\/2022\/09\/26\/1-minuto-di-bellezza-al-via-un-video-contest-per-raccontare-il-sud\/"},"modified":"2022-09-26T19:05:55","modified_gmt":"2022-09-26T17:05:55","slug":"1-minuto-di-bellezza-al-via-un-video-contest-per-raccontare-il-sud","status":"publish","type":"post","link":"https:\/\/www.messinaoggi.it\/website\/2022\/09\/26\/1-minuto-di-bellezza-al-via-un-video-contest-per-raccontare-il-sud\/","title":{"rendered":"\u201c1 minuto di bellezza\u201d, al via un video contest per raccontare il Sud"},"content":{"rendered":"<div>ROMA (ITALPRESS) &#8211; Fondazione CON IL SUD e Fondazione Magna Grecia promuovono il <a href=\"https:\/\/www.fondazioneconilsud.it\/news\/al-via-il-video-contest-1-minuto-di-bellezza-2\/\">video contest<\/a> &#8220;1 minuto di bellezza&#8221; invitando video maker professionisti e ragazzi a raccontare la bellezza del Sud fuori dagli stereotipi, con cortometraggi e reel instagram di 60 secondi.<br \/>\nIl contest \u00e8 dedicato al Sud e alla sua &#8220;bellezza&#8221;, fatta di paesaggi, natura, storia, identit\u00e0 e relazioni sociali positive, raccontata solo parzialmente e spesso in modo stereotipato. L&#8217;obiettivo non \u00e8 restituire immagini da cartolina o storie di cronaca. La sfida \u00e8 quella di provocare una narrazione alternativa coinvolgendo direttamente chi vive questi territori e in particolare i giovani e i giovanissimi, gli operatori della comunicazione e i filmaker, attraverso il linguaggio video, la rete e i social, coniugando la &#8220;bellezza&#8221; di luoghi e culture con storie personali e di comunit\u00e0.<br \/>\nUn racconto del Sud lontano dai luoghi comuni, in cui emergano non solo le contraddizioni, ma anche la grande voglia di partecipazione; di fare rete e collaborare per il bene comune.<br \/>\nIn particolare, gli ambiti previsti dal contest sono: natura e paesaggio (sostenibilit\u00e0 ambientale, cura del bene comune, valorizzazione del paesaggio), storia e cultura (beni culturali storici e archeologici, miti, arte nelle varie declinazioni, tradizioni locali, saperi artigiani, enogastronomia), comunit\u00e0 (protagonismo giovanile e intergenerazionalit\u00e0, volontariato e cittadinanza attiva, accoglienza e solidariet\u00e0, innovazione sociale).<br \/>\nNello specifico, il contest si divide in due diverse sezioni:<br \/>\n&#8220;Instagram&#8221; (#thereelsud), rivolta a giovani di almeno 14 anni di et\u00e0 e residenti nelle regioni meridionali (Basilicata, Calabria, Campania, Puglia, Sardegna, Sicilia) che possono esprimere la propria creativit\u00e0 utilizzando il formato reel di instagram.<br \/>\n&#8220;Cortometraggi&#8221;, rivolta ai videomaker professionisti over 18 (filmaker, visual artist, videofotografi, ecc) residenti nelle regioni meridionali indicate precedentemente, che potranno presentare &#8220;corti&#8221; della durata esatta di 60 secondi.<br \/>\nA giudicare i lavori per entrambe le categorie sar\u00e0 una Giuria qualificata, composta da autorevoli esponenti del mondo della cultura e del terzo settore, della comunicazione visuale e dei social media. Per la sezione Instagram gli autori dei reel pi\u00f9 significativi potranno partecipare gratuitamente a un esclusivo workshop online sulla regia cinematografica condotto e realizzato ad hoc dal maestro Mimmo Calopresti.<br \/>\nPer la sezione cortometraggi, verranno selezionate dalla Giuria fino a 4 opere, su cui i promotori potranno esercitare il diritto di opzione d&#8217;acquisto corrispondendo ai relativi autori un compenso fino a 3.000 euro per ciascun video selezionato.<br \/>\nIl termine per partecipare \u00e8 il 30 ottobre. Tutte le info per partecipare sul <a href=\"https:\/\/www.1minutodibellezza.it\/\">sito.<\/a><br \/>\n-foto ufficio stampa Fondazione con il Sud-<br \/>\n(ITALPRESS).<\/div>\n<div id=\"div-gpt-ad-Messinaoggi.it-DSK-300x250-corpoart\" style=\"text-align:center;margin:0 auto;\"><\/div><\/p><div id=\"videoincontent\" style=\"clear:both\";><\/div>","protected":false},"excerpt":{"rendered":"<p>ROMA (ITALPRESS) &#8211; Fondazione CON IL SUD e Fondazione Magna Grecia promuovono il video contest &#8220;1 minuto di bellezza&#8221; invitando video maker professionisti e ragazzi a raccontare la bellezza del Sud fuori dagli stereotipi, con cortometraggi e reel instagram di 60 secondi. Il contest \u00e8 dedicato al Sud e alla sua &#8220;bellezza&#8221;, fatta di paesaggi, [&hellip;]<\/p>\n","protected":false},"author":18,"featured_media":123335,"comment_status":"closed","ping_status":"closed","sticky":false,"template":"","format":"standard","meta":{"ub_ctt_via":"","_mi_skip_tracking":false},"categories":[5,446],"tags":[783],"featured_image_src":"https:\/\/www.messinaoggi.it\/website\/wp-content\/uploads\/2022\/09\/20220926_1212.jpg","author_info":{"display_name":"Admin","author_link":"https:\/\/www.messinaoggi.it\/website\/author\/admin\/"},"digistream_id":0,"digistream":false,"_links":{"self":[{"href":"https:\/\/www.messinaoggi.it\/website\/wp-json\/wp\/v2\/posts\/123334"}],"collection":[{"href":"https:\/\/www.messinaoggi.it\/website\/wp-json\/wp\/v2\/posts"}],"about":[{"href":"https:\/\/www.messinaoggi.it\/website\/wp-json\/wp\/v2\/types\/post"}],"author":[{"embeddable":true,"href":"https:\/\/www.messinaoggi.it\/website\/wp-json\/wp\/v2\/users\/18"}],"replies":[{"embeddable":true,"href":"https:\/\/www.messinaoggi.it\/website\/wp-json\/wp\/v2\/comments?post=123334"}],"version-history":[{"count":1,"href":"https:\/\/www.messinaoggi.it\/website\/wp-json\/wp\/v2\/posts\/123334\/revisions"}],"predecessor-version":[{"id":123370,"href":"https:\/\/www.messinaoggi.it\/website\/wp-json\/wp\/v2\/posts\/123334\/revisions\/123370"}],"wp:featuredmedia":[{"embeddable":true,"href":"https:\/\/www.messinaoggi.it\/website\/wp-json\/wp\/v2\/media\/123335"}],"wp:attachment":[{"href":"https:\/\/www.messinaoggi.it\/website\/wp-json\/wp\/v2\/media?parent=123334"}],"wp:term":[{"taxonomy":"category","embeddable":true,"href":"https:\/\/www.messinaoggi.it\/website\/wp-json\/wp\/v2\/categories?post=123334"},{"taxonomy":"post_tag","embeddable":true,"href":"https:\/\/www.messinaoggi.it\/website\/wp-json\/wp\/v2\/tags?post=123334"}],"curies":[{"name":"wp","href":"https:\/\/api.w.org\/{rel}","templated":true}]}}