{"id":123330,"date":"2022-09-26T15:09:21","date_gmt":"2022-09-26T13:09:21","guid":{"rendered":"https:\/\/www.messinaoggi.it\/website\/2022\/09\/26\/elezioni-calenda-porteremo-avanti-unopposizione-solida-e-costruttiva\/"},"modified":"2022-09-26T15:09:21","modified_gmt":"2022-09-26T13:09:21","slug":"elezioni-calenda-porteremo-avanti-unopposizione-solida-e-costruttiva","status":"publish","type":"post","link":"https:\/\/www.messinaoggi.it\/website\/2022\/09\/26\/elezioni-calenda-porteremo-avanti-unopposizione-solida-e-costruttiva\/","title":{"rendered":"Elezioni, Calenda \u201cPorteremo avanti un\u2019opposizione solida e costruttiva\u201d"},"content":{"rendered":"<div>ROMA (ITALPRESS) &#8211; &#8220;Ho il dovere di ringraziare il presidente Draghi per il lavoro che ha fatto al servizio del Paese&#8221;. Lo ha detto il leader di Azione, Carlo Calenda, in conferenza stampa. &#8220;La scelta \u00e8 stata netta, verso una maggioranza sovranista di destra&#8221;, esordisce Calenda, che fa chiarezza su tutte le sue perplessit\u00e0 derivanti da un risultato che lui stesso definisce &#8216;pericolos\u00f2 per il Paese. &#8220;Noi la consideriamo una scelta incerta e pericolosa. Vedremo se la Meloni sar\u00e0 in grado di governare il paese, ma noi come sempre porteremo avanti un&#8217;opposizione solida e costruttiva. E&#8217; chiaramente un paradosso che il 50% degli italiani apprezzi l&#8217;operato di Draghi e Mattarella ma vada poi a votare personaggi politici che sono tutto l&#8217;opposto dell&#8217;attuale presidente del Consiglio e del Presidente della Repubblica &#8211; sottolinea il leader di Azione -. Il Paese ha quindi scelto di andare avanti sulla strada del populismo. Le scelte degli elettori sono insindacabili, ma ritengo che questa dinamica che porta le persone a votare chi urla di pi\u00f9, promette di pi\u00f9 e realizza di meno sia ci\u00f2 che ha fatto declinare l&#8217;Italia in questi anni&#8221;.<br \/>(ITALPRESS).<br \/>-foto agenziafotogramma.it-<\/div>\n<div id=\"div-gpt-ad-Messinaoggi.it-DSK-300x250-corpoart\" style=\"text-align:center;margin:0 auto;\"><\/div><\/p><div id=\"videoincontent\" style=\"clear:both\";><\/div>","protected":false},"excerpt":{"rendered":"<p>ROMA (ITALPRESS) &#8211; &#8220;Ho il dovere di ringraziare il presidente Draghi per il lavoro che ha fatto al servizio del Paese&#8221;. Lo ha detto il leader di Azione, Carlo Calenda, in conferenza stampa. &#8220;La scelta \u00e8 stata netta, verso una maggioranza sovranista di destra&#8221;, esordisce Calenda, che fa chiarezza su tutte le sue perplessit\u00e0 derivanti [&hellip;]<\/p>\n","protected":false},"author":18,"featured_media":123331,"comment_status":"closed","ping_status":"closed","sticky":false,"template":"","format":"standard","meta":{"ub_ctt_via":"","_mi_skip_tracking":false},"categories":[446],"tags":[783],"featured_image_src":"https:\/\/www.messinaoggi.it\/website\/wp-content\/uploads\/2022\/09\/20220926_0961-300x206-1.jpg","author_info":{"display_name":"Admin","author_link":"https:\/\/www.messinaoggi.it\/website\/author\/admin\/"},"digistream_id":0,"digistream":false,"_links":{"self":[{"href":"https:\/\/www.messinaoggi.it\/website\/wp-json\/wp\/v2\/posts\/123330"}],"collection":[{"href":"https:\/\/www.messinaoggi.it\/website\/wp-json\/wp\/v2\/posts"}],"about":[{"href":"https:\/\/www.messinaoggi.it\/website\/wp-json\/wp\/v2\/types\/post"}],"author":[{"embeddable":true,"href":"https:\/\/www.messinaoggi.it\/website\/wp-json\/wp\/v2\/users\/18"}],"replies":[{"embeddable":true,"href":"https:\/\/www.messinaoggi.it\/website\/wp-json\/wp\/v2\/comments?post=123330"}],"version-history":[{"count":0,"href":"https:\/\/www.messinaoggi.it\/website\/wp-json\/wp\/v2\/posts\/123330\/revisions"}],"wp:featuredmedia":[{"embeddable":true,"href":"https:\/\/www.messinaoggi.it\/website\/wp-json\/wp\/v2\/media\/123331"}],"wp:attachment":[{"href":"https:\/\/www.messinaoggi.it\/website\/wp-json\/wp\/v2\/media?parent=123330"}],"wp:term":[{"taxonomy":"category","embeddable":true,"href":"https:\/\/www.messinaoggi.it\/website\/wp-json\/wp\/v2\/categories?post=123330"},{"taxonomy":"post_tag","embeddable":true,"href":"https:\/\/www.messinaoggi.it\/website\/wp-json\/wp\/v2\/tags?post=123330"}],"curies":[{"name":"wp","href":"https:\/\/api.w.org\/{rel}","templated":true}]}}