{"id":123260,"date":"2022-09-26T13:07:52","date_gmt":"2022-09-26T11:07:52","guid":{"rendered":"https:\/\/www.messinaoggi.it\/website\/2022\/09\/26\/letta-faremo-opposizione-dura-non-mi-ricandido-alla-guida-del-pd\/"},"modified":"2022-09-26T13:07:52","modified_gmt":"2022-09-26T11:07:52","slug":"letta-faremo-opposizione-dura-non-mi-ricandido-alla-guida-del-pd","status":"publish","type":"post","link":"https:\/\/www.messinaoggi.it\/website\/2022\/09\/26\/letta-faremo-opposizione-dura-non-mi-ricandido-alla-guida-del-pd\/","title":{"rendered":"Letta \u201cFaremo opposizione dura, non mi ricandido alla guida del Pd\u201d"},"content":{"rendered":"<div>ROMA (ITALPRESS) &#8211; &#8220;Gli italiani e le italiane hanno scelto, una scelta chiara e netta, hanno scelto la destra, l&#8217;Italia avr\u00e0 un governo di destra: oggi \u00e8 un giorno triste per l&#8217;Italia e per l&#8217;Europa&#8221;. Lo ha detto il segretario del Partito Democratico, Enrico Letta, nel corso di una conferenza stampa.<br \/>&#8220;Abbiamo messo tutto l&#8217;impegno possibile per costruire un&#8217;alternativa credibile, oggi il Pd \u00e8 la prima forma di opposizione nel Parlamento e nel Paese, faremo un&#8217;opposizione dura e intransigente. Ci aspetteranno giorni duri, quello che ci divide dalla destra \u00e8 tanto&#8221;, ha spiegato Letta.<br \/>&#8220;Il Pd non permetter\u00e0 che l&#8217;Italia esca dal cuore dell&#8217;Europa, non permetteremo che l&#8217;Italia si stacchi dai valori europei e costituenti&#8221;, ha detto ancora l&#8217;ex premier.<br \/>&#8220;Sar\u00e0 la legislatura pi\u00f9 a destra della storia d&#8217;Italia, non ho raggiunto l&#8217;obiettivo. Nei prossimi giorni riuniremo gli organi di partito per accelerare il percorso che porter\u00e0 ad un congresso. Assicurer\u00f2 la guida del Pd nelle prossime settimane, per spirito di servizio, in vista del prossimo congresso, non mi presenter\u00f2 candidato, credo che a una nuova generazione spetti il compito di rilanciare il Pd nell&#8217;interesse dell&#8217;Italia e dell&#8217;Europa&#8221;, ha poi aggiunto, spiegando che &#8220;il campo largo non \u00e8 stato possibile non per nostra responsabilit\u00e0&#8221;, e attribuendo questa rottura alla decisione del M5S di togliere la fiducia al governo Draghi.<div id=\"div-gpt-ad-Messinaoggi.it-DSK-300x250-corpoart\" style=\"text-align:center;margin:0 auto;\"><\/div><\/p>\n<p>&#8211; foto ufficio stampa Pd &#8211;<div id=\"videoincontent\" style=\"clear:both\";><\/div><\/p>\n<p>(ITALPRESS).<\/p><\/div>\n","protected":false},"excerpt":{"rendered":"<p>ROMA (ITALPRESS) &#8211; &#8220;Gli italiani e le italiane hanno scelto, una scelta chiara e netta, hanno scelto la destra, l&#8217;Italia avr\u00e0 un governo di destra: oggi \u00e8 un giorno triste per l&#8217;Italia e per l&#8217;Europa&#8221;. Lo ha detto il segretario del Partito Democratico, Enrico Letta, nel corso di una conferenza stampa.&#8220;Abbiamo messo tutto l&#8217;impegno possibile [&hellip;]<\/p>\n","protected":false},"author":18,"featured_media":123261,"comment_status":"closed","ping_status":"closed","sticky":false,"template":"","format":"standard","meta":{"ub_ctt_via":"","_mi_skip_tracking":false},"categories":[446],"tags":[783],"featured_image_src":"https:\/\/www.messinaoggi.it\/website\/wp-content\/uploads\/2022\/09\/20220926_0777.jpg","author_info":{"display_name":"Admin","author_link":"https:\/\/www.messinaoggi.it\/website\/author\/admin\/"},"digistream_id":0,"digistream":false,"_links":{"self":[{"href":"https:\/\/www.messinaoggi.it\/website\/wp-json\/wp\/v2\/posts\/123260"}],"collection":[{"href":"https:\/\/www.messinaoggi.it\/website\/wp-json\/wp\/v2\/posts"}],"about":[{"href":"https:\/\/www.messinaoggi.it\/website\/wp-json\/wp\/v2\/types\/post"}],"author":[{"embeddable":true,"href":"https:\/\/www.messinaoggi.it\/website\/wp-json\/wp\/v2\/users\/18"}],"replies":[{"embeddable":true,"href":"https:\/\/www.messinaoggi.it\/website\/wp-json\/wp\/v2\/comments?post=123260"}],"version-history":[{"count":0,"href":"https:\/\/www.messinaoggi.it\/website\/wp-json\/wp\/v2\/posts\/123260\/revisions"}],"wp:featuredmedia":[{"embeddable":true,"href":"https:\/\/www.messinaoggi.it\/website\/wp-json\/wp\/v2\/media\/123261"}],"wp:attachment":[{"href":"https:\/\/www.messinaoggi.it\/website\/wp-json\/wp\/v2\/media?parent=123260"}],"wp:term":[{"taxonomy":"category","embeddable":true,"href":"https:\/\/www.messinaoggi.it\/website\/wp-json\/wp\/v2\/categories?post=123260"},{"taxonomy":"post_tag","embeddable":true,"href":"https:\/\/www.messinaoggi.it\/website\/wp-json\/wp\/v2\/tags?post=123260"}],"curies":[{"name":"wp","href":"https:\/\/api.w.org\/{rel}","templated":true}]}}