{"id":123258,"date":"2022-09-26T13:07:51","date_gmt":"2022-09-26T11:07:51","guid":{"rendered":"https:\/\/www.messinaoggi.it\/website\/2022\/09\/26\/salvini-premiata-lopposizione-di-fdi-ma-rifarei-tutto\/"},"modified":"2022-09-26T13:07:51","modified_gmt":"2022-09-26T11:07:51","slug":"salvini-premiata-lopposizione-di-fdi-ma-rifarei-tutto","status":"publish","type":"post","link":"https:\/\/www.messinaoggi.it\/website\/2022\/09\/26\/salvini-premiata-lopposizione-di-fdi-ma-rifarei-tutto\/","title":{"rendered":"Salvini \u201cPremiata l\u2019opposizione di Fdi, ma rifarei tutto\u201d"},"content":{"rendered":"<div>MILANO (ITALPRESS) &#8211; &#8220;Oggi dopo tanti anni c&#8217;\u00e8 un governo scelto dai cittadini con una maggioranza chiara di centrodestra sia alla Camera che al Senato. Conto che per almeno 5 anni si tiri dritto mettendo al centro solo le cose da fare&#8221;. Lo ha detto il leader della Lega Matteo Salvini in conferenza stampa dalla sede del Carroccio di via Bellerio, a Milano.<br \/>&#8220;Potrebbero essere 100 tondi i parlamentari della Lega al lavoro da domani&#8221;, ha spiegato Salvini.<br \/>&#8220;Ieri attorno alle 4 del mattino ho messaggiato con Giorgia (Meloni, ndr), a cui ho fatto i complimenti. E&#8217; stata brava lavoreremo a lungo insieme. Complimenti anche agli amici di Forza Italia e dei Moderati. Ogni voto sar\u00e0 utile. Con Giorgia ci sentiamo gi\u00e0 oggi per lavorare sul prossimo governo&#8221;.<br \/>&#8220;Politicamente parlando \u00e8 stata premiata l&#8217;opposizione, Fdi \u00e8 stata brava a fare una forte opposizione. Per la Lega, stare al governo con Pd e Draghi non \u00e8 stato semplice &#8211; ha spiegato il leader della Lega -. Domanda: lo rifaresti? Lo rifarei. Con l&#8217;Italia chiusa per Covid \u00e8 stato giusto ma non \u00e8 stato facile. Abbiamo portato sulle spalle un peso non indifferente&#8221;.<br \/>&#8220;Ma dal momento dell&#8217;uscita dal governo Draghi ho fatto di testa mia perch\u00e8 portare avanti un governo litigioso e confuso per altri 9 mesi non avrebbe fatto bene neanche alla Lega&#8221;, ha aggiunto.<br \/>Il 9% mi resta qua ma 100 parlamentari sono al lavoro per 5 anni &#8211; ha poi spiegato in merito al risultato della Lega -. Se gli italiani hanno premiato altri e meno noi vuol dire che era giusto cos\u00ec. Se sono andato a letto abbastanza incazzato, stamattina mi sono alzato carico a molla e ho pi\u00f9 voglia di prima&#8221;. <br \/>&#8220;Potevamo fare di pi\u00f9? Non lo so. Sono abituato a chiudere le campagne elettorali chiedendomi: ho fatto tutto quello che potevo? Penso di s\u00ec. E anche i nostri militanti hanno dato il massimo? S\u00ec. Quello di ieri \u00e8 un punto di partenza, \u00e8 stata una bella giornata di partecipazione. Ora abbiamo diversi mesi per pianificare il lavoro &#8211; ha proseguito -. Chi non ci ha votato ha tutta la mia comprensione, cercher\u00f2 di recuperare questa stima e le occasioni non mancheranno&#8221;.<br \/>&#8220;Il mio mandato \u00e8 in mano ai militanti, non ai consiglieri regionali. Se ne ragioner\u00e0 nelle sedi opportune&#8221;, ha poi risposto ai cronisti che gli chiedevano se, dopo il risultato elettorale, temesse per la sua permanenza alla guida del partito. <div id=\"div-gpt-ad-Messinaoggi.it-DSK-300x250-corpoart\" style=\"text-align:center;margin:0 auto;\"><\/div><\/p>\n<p>&#8211; foto Agenziafotogramma.it &#8211;<div id=\"videoincontent\" style=\"clear:both\";><\/div><\/p>\n<p>(ITALPRESS).<\/p><\/div>\n","protected":false},"excerpt":{"rendered":"<p>MILANO (ITALPRESS) &#8211; &#8220;Oggi dopo tanti anni c&#8217;\u00e8 un governo scelto dai cittadini con una maggioranza chiara di centrodestra sia alla Camera che al Senato. Conto che per almeno 5 anni si tiri dritto mettendo al centro solo le cose da fare&#8221;. Lo ha detto il leader della Lega Matteo Salvini in conferenza stampa dalla [&hellip;]<\/p>\n","protected":false},"author":18,"featured_media":123259,"comment_status":"closed","ping_status":"closed","sticky":false,"template":"","format":"standard","meta":{"ub_ctt_via":"","_mi_skip_tracking":false},"categories":[446],"tags":[783],"featured_image_src":"https:\/\/www.messinaoggi.it\/website\/wp-content\/uploads\/2022\/09\/20220926_0738.jpg","author_info":{"display_name":"Admin","author_link":"https:\/\/www.messinaoggi.it\/website\/author\/admin\/"},"digistream_id":0,"digistream":false,"_links":{"self":[{"href":"https:\/\/www.messinaoggi.it\/website\/wp-json\/wp\/v2\/posts\/123258"}],"collection":[{"href":"https:\/\/www.messinaoggi.it\/website\/wp-json\/wp\/v2\/posts"}],"about":[{"href":"https:\/\/www.messinaoggi.it\/website\/wp-json\/wp\/v2\/types\/post"}],"author":[{"embeddable":true,"href":"https:\/\/www.messinaoggi.it\/website\/wp-json\/wp\/v2\/users\/18"}],"replies":[{"embeddable":true,"href":"https:\/\/www.messinaoggi.it\/website\/wp-json\/wp\/v2\/comments?post=123258"}],"version-history":[{"count":0,"href":"https:\/\/www.messinaoggi.it\/website\/wp-json\/wp\/v2\/posts\/123258\/revisions"}],"wp:featuredmedia":[{"embeddable":true,"href":"https:\/\/www.messinaoggi.it\/website\/wp-json\/wp\/v2\/media\/123259"}],"wp:attachment":[{"href":"https:\/\/www.messinaoggi.it\/website\/wp-json\/wp\/v2\/media?parent=123258"}],"wp:term":[{"taxonomy":"category","embeddable":true,"href":"https:\/\/www.messinaoggi.it\/website\/wp-json\/wp\/v2\/categories?post=123258"},{"taxonomy":"post_tag","embeddable":true,"href":"https:\/\/www.messinaoggi.it\/website\/wp-json\/wp\/v2\/tags?post=123258"}],"curies":[{"name":"wp","href":"https:\/\/api.w.org\/{rel}","templated":true}]}}