{"id":12324,"date":"2017-12-02T09:00:22","date_gmt":"2017-12-02T08:00:22","guid":{"rendered":"http:\/\/www.messinaoggi.it\/website\/?p=12324"},"modified":"2017-12-02T09:00:22","modified_gmt":"2017-12-02T08:00:22","slug":"conferenza-stampa-terza-edizione-onde-sonore","status":"publish","type":"post","link":"https:\/\/www.messinaoggi.it\/website\/2017\/12\/02\/conferenza-stampa-terza-edizione-onde-sonore\/","title":{"rendered":"Conferenza stampa terza edizione Onde Sonore"},"content":{"rendered":"<p>Ferve l\u2019attesa \u00a0\u00a0per la terza edizione di \u201cOnde Sonore\u201d, il Festival all\u2019insegna della musica e della solidariet\u00e0, \u00a0organizzato dal Gruppo Caronte &amp;Tourist, \u00a0che a breve prender\u00e0 il via a bordo della Telepass, ammiraglia della flotta, in occasione delle festivit\u00e0 natalizie.<br \/>\nA taI riguardo marted\u00ec, alle ore 11.00, nell\u2019incantevole scenario del \u201cMarina del Nettuno\u201d, avr\u00e0 luogo la conferenza stampa di presentazione durante la quale saranno resi noti i dettagli dell\u2019evento.<br \/>\nPresenzieranno l\u2019incontro il dott. Antonino Repaci, Presidente del Gruppo Caronte&amp;Tourist, l\u2019ing. Vincenzo Franza, Presidente di Caronte&amp;Tourist Isole Minori e il prof. Giuseppe Vita, Direttore della UOC di Neurologia e malattie Neuromuscolari del Policlinico \u201cG. Martino\u201d e responsabile scientifico di NeMO SUD, centro clinico di assistenza per pazienti affetti da malattie neuro muscolari al quale, come ogni anno saranno devoluti i gli incassi degli spettacoli.<br \/>\n <div id=\"div-gpt-ad-Messinaoggi.it-DSK-300x250-corpoart\" style=\"text-align:center;margin:0 auto;\"><\/div><\/p>\n<div id=\"videoincontent\" style=\"clear:both\";><\/div>","protected":false},"excerpt":{"rendered":"<p>Ferve l\u2019attesa \u00a0\u00a0per la terza edizione di \u201cOnde Sonore\u201d, il Festival all\u2019insegna della musica e della solidariet\u00e0, \u00a0organizzato dal Gruppo Caronte &amp;Tourist, \u00a0che a breve prender\u00e0 il via a bordo della Telepass, ammiraglia della flotta, in occasione delle festivit\u00e0 natalizie. A taI riguardo marted\u00ec, alle ore 11.00, nell\u2019incantevole scenario del \u201cMarina del Nettuno\u201d, avr\u00e0 luogo [&hellip;]<\/p>\n","protected":false},"author":5,"featured_media":12326,"comment_status":"closed","ping_status":"open","sticky":false,"template":"","format":"standard","meta":{"ub_ctt_via":"","_mi_skip_tracking":false},"categories":[17],"tags":[],"featured_image_src":"https:\/\/www.messinaoggi.it\/website\/wp-content\/uploads\/2017\/12\/telepass.jpg","author_info":{"display_name":"Maria Antonella Saia","author_link":"https:\/\/www.messinaoggi.it\/website\/author\/m-saia\/"},"digistream_id":0,"digistream":false,"_links":{"self":[{"href":"https:\/\/www.messinaoggi.it\/website\/wp-json\/wp\/v2\/posts\/12324"}],"collection":[{"href":"https:\/\/www.messinaoggi.it\/website\/wp-json\/wp\/v2\/posts"}],"about":[{"href":"https:\/\/www.messinaoggi.it\/website\/wp-json\/wp\/v2\/types\/post"}],"author":[{"embeddable":true,"href":"https:\/\/www.messinaoggi.it\/website\/wp-json\/wp\/v2\/users\/5"}],"replies":[{"embeddable":true,"href":"https:\/\/www.messinaoggi.it\/website\/wp-json\/wp\/v2\/comments?post=12324"}],"version-history":[{"count":0,"href":"https:\/\/www.messinaoggi.it\/website\/wp-json\/wp\/v2\/posts\/12324\/revisions"}],"wp:featuredmedia":[{"embeddable":true,"href":"https:\/\/www.messinaoggi.it\/website\/wp-json\/wp\/v2\/media\/12326"}],"wp:attachment":[{"href":"https:\/\/www.messinaoggi.it\/website\/wp-json\/wp\/v2\/media?parent=12324"}],"wp:term":[{"taxonomy":"category","embeddable":true,"href":"https:\/\/www.messinaoggi.it\/website\/wp-json\/wp\/v2\/categories?post=12324"},{"taxonomy":"post_tag","embeddable":true,"href":"https:\/\/www.messinaoggi.it\/website\/wp-json\/wp\/v2\/tags?post=12324"}],"curies":[{"name":"wp","href":"https:\/\/api.w.org\/{rel}","templated":true}]}}