{"id":123189,"date":"2022-09-25T16:07:51","date_gmt":"2022-09-25T14:07:51","guid":{"rendered":"https:\/\/www.messinaoggi.it\/website\/2022\/09\/25\/maldini-con-de-ketelaere-ci-vuole-pazienza-pioli-leader-nato\/"},"modified":"2022-09-25T16:07:51","modified_gmt":"2022-09-25T14:07:51","slug":"maldini-con-de-ketelaere-ci-vuole-pazienza-pioli-leader-nato","status":"publish","type":"post","link":"https:\/\/www.messinaoggi.it\/website\/2022\/09\/25\/maldini-con-de-ketelaere-ci-vuole-pazienza-pioli-leader-nato\/","title":{"rendered":"Maldini \u201cCon De Ketelaere ci vuole pazienza, Pioli leader nato\u201d"},"content":{"rendered":"<div>TRENTO (ITALPRESS) &#8211; &#8220;De Ketelaere? La pazienza \u00e8 fondamentale, ricordiamoci dei primi mesi alla Juventus di Platini&#8221;. Lo ha dichiarato Paolo Maldini, direttore tecnico del Milan e icona rossonera, intervenuto nel corso del Festival dello Sport di Trento. &#8220;De Ketelaere \u00e8 un 2001 che ha gi\u00e0 esperienza in Champions ma che deve migliorare in tante cose &#8211; aggiunge -. Sui giovani poi si fanno delle scommesse, alcune le vinci altre no, ma su di lui non abbiamo molti dubbi. Pioli? Ha un energia in campo incredibile, contagiosa. Ho avuto la possibilit\u00e0 di conoscerlo dal punto di vista tecnico, tattico, ma anche umano e morale. Pioli condivide le strategie sul mercato, non prende alibi, tutte cose che lo hanno fatto crescere come uomo. E&#8217; un leader nato, abbiamo un rapporto cementato e in cui si condivide un momento fantastico. Sono contento per lui perch\u00e8 finalmente ha trovato un ambiente in cui dimostrare davvero chi \u00e8&#8221;. &#8220;Giroud? E&#8217; un campione e un professionista esemplare&#8221;, ha sottolineato Maldini ricordando che il bomber francese &#8220;ha vinto il Mondiale, tuttora gioca con la Nazionale ad alti livelli, ma soprattutto \u00e8 un uomo squadra, \u00e8 umile e sa venire fuori nei momenti di difficolt\u00e0. Chi ci riesce \u00e8 senza dubbio un campione, come ha fatto nel derby di ritorno Olivier. Quella partita sentivamo potesse essere decisiva, abbiamo battuto molto sul fatto che i momenti in cui puoi vincere non passano sempre due volte&#8221;. &#8220;Per l&#8217;acquisto di Theo, che fu uno dei primi ad arrivare sotto la mia gestione, ho usato le parole che avrei utilizzato con mio figlio. Con lui cos\u00ec come con tutti i miei calciatori, perch\u00e8 li vedo davvero come devo figli, ai quali cerco sempre di dare supporto nei momenti difficili e di stargli accanto in quelli pi\u00f9 belli &#8211; ha precisato Maldini -. La volont\u00e0 \u00e8 proprio quella di stare accanto ai miei calciatori in tutto e per tutto. Questo perch\u00e8 ricordo le mie insicurezze e le mie ansie da calciatore, e se al tempo qualcuno mi fosse stato pi\u00f9 vicino le cose magari sarebbero andate meglio&#8221;.<br \/>Parlando del nuovo stadio, Maldini ha sottolineato che &#8220;il Milan non si ferma con San Siro. E&#8217; inutile stare a raccontarsi i trionfi degli anni passati, perch\u00e8 altrimenti rimarremo ancorati a ci\u00f2 che \u00e8 stato. Un nuovo stadio ci vuole, per la competitivit\u00e0 del club e per la credibilit\u00e0 a livello internazionale. Il Milan va avanti, al di l\u00e0 che San Siro resti o no, questo \u00e8 il punto cruciale sul quale ci dobbiamo concentrare&#8221;.<br \/>E sul campionato: &#8220;Non so cosa aspettarmi, nessuno ha ben chiaro ci\u00f2 che succeder\u00e0 quest&#8217;anno. Se dovessimo passare il girone di Champions dal 4 gennaio continuer\u00e0 il doppio impegno, e dal punto di vista della gestione abbiamo dunque deciso di spezzare in due la stagione, con un&#8217;altra preparazione. Noi partiamo per vincere, a differenza dell&#8217;anno scorso in cui \u00e8 stata quasi una sorpresa.<br \/>Abbiamo delle responsabilit\u00e0 che non ci devono spaventare, perch\u00e8 siamo e restiamo sempre il Milan&#8221;, ha concluso Maldini.<br \/>&#8211; foto LivePhotoSport &#8211;<br \/>(ITALPRESS).<\/div>\n<div id=\"div-gpt-ad-Messinaoggi.it-DSK-300x250-corpoart\" style=\"text-align:center;margin:0 auto;\"><\/div><\/p><div id=\"videoincontent\" style=\"clear:both\";><\/div>","protected":false},"excerpt":{"rendered":"<p>TRENTO (ITALPRESS) &#8211; &#8220;De Ketelaere? La pazienza \u00e8 fondamentale, ricordiamoci dei primi mesi alla Juventus di Platini&#8221;. Lo ha dichiarato Paolo Maldini, direttore tecnico del Milan e icona rossonera, intervenuto nel corso del Festival dello Sport di Trento. &#8220;De Ketelaere \u00e8 un 2001 che ha gi\u00e0 esperienza in Champions ma che deve migliorare in tante [&hellip;]<\/p>\n","protected":false},"author":18,"featured_media":123190,"comment_status":"closed","ping_status":"closed","sticky":false,"template":"","format":"standard","meta":{"ub_ctt_via":"","_mi_skip_tracking":false},"categories":[446],"tags":[783],"featured_image_src":"https:\/\/www.messinaoggi.it\/website\/wp-content\/uploads\/2022\/09\/20220925_0640.jpg","author_info":{"display_name":"Admin","author_link":"https:\/\/www.messinaoggi.it\/website\/author\/admin\/"},"digistream_id":0,"digistream":false,"_links":{"self":[{"href":"https:\/\/www.messinaoggi.it\/website\/wp-json\/wp\/v2\/posts\/123189"}],"collection":[{"href":"https:\/\/www.messinaoggi.it\/website\/wp-json\/wp\/v2\/posts"}],"about":[{"href":"https:\/\/www.messinaoggi.it\/website\/wp-json\/wp\/v2\/types\/post"}],"author":[{"embeddable":true,"href":"https:\/\/www.messinaoggi.it\/website\/wp-json\/wp\/v2\/users\/18"}],"replies":[{"embeddable":true,"href":"https:\/\/www.messinaoggi.it\/website\/wp-json\/wp\/v2\/comments?post=123189"}],"version-history":[{"count":0,"href":"https:\/\/www.messinaoggi.it\/website\/wp-json\/wp\/v2\/posts\/123189\/revisions"}],"wp:featuredmedia":[{"embeddable":true,"href":"https:\/\/www.messinaoggi.it\/website\/wp-json\/wp\/v2\/media\/123190"}],"wp:attachment":[{"href":"https:\/\/www.messinaoggi.it\/website\/wp-json\/wp\/v2\/media?parent=123189"}],"wp:term":[{"taxonomy":"category","embeddable":true,"href":"https:\/\/www.messinaoggi.it\/website\/wp-json\/wp\/v2\/categories?post=123189"},{"taxonomy":"post_tag","embeddable":true,"href":"https:\/\/www.messinaoggi.it\/website\/wp-json\/wp\/v2\/tags?post=123189"}],"curies":[{"name":"wp","href":"https:\/\/api.w.org\/{rel}","templated":true}]}}