{"id":123152,"date":"2022-09-24T17:02:54","date_gmt":"2022-09-24T15:02:54","guid":{"rendered":"https:\/\/www.messinaoggi.it\/website\/2022\/09\/24\/il-patto-di-taormina-lancia-la-cooperazione-europea-tra-le-pmi\/"},"modified":"2022-09-24T17:02:54","modified_gmt":"2022-09-24T15:02:54","slug":"il-patto-di-taormina-lancia-la-cooperazione-europea-tra-le-pmi","status":"publish","type":"post","link":"https:\/\/www.messinaoggi.it\/website\/2022\/09\/24\/il-patto-di-taormina-lancia-la-cooperazione-europea-tra-le-pmi\/","title":{"rendered":"Il Patto di Taormina lancia la cooperazione europea tra le Pmi"},"content":{"rendered":"<div>\n<p>TAORMINA (MESSINA) (ITALPRESS) \u2013 La CNA, Confederazione nazionale dell\u2019artigianato e della piccola e media impresa, ha concluso la due giorni dell\u2019assemblea nazionale nella Perla dello Ionio con il \u201cPatto di Taormina\u201d, sancito con i delegati europei delle Piccole e Medie Imprese dell\u2019area euro-mediterranea. Al tavolo che ha portato all\u2019intesa strategica c\u2019erano Dario Costantini, presidente di CNA, Sergio Silvestrini, segretario generale di CNA, Veronique Willems, segretario generale di SmeUnited, Antoni Canete, presidente di Pimec (Spagna), Domenique Anract, presidente di U2P (Francia), e Paul Abela, presidente Sme Chambers (Malta). Erano presenti, inoltre, i rappresentanti della delegazione siciliana, Nello Battiato, presidente di CNA Sicilia, e Piero Giglione, segretario regionale di CNA.<br \/>Sono state affrontate proposte di interesse comune per rafforzare la cooperazione tra organizzazioni artigiane e PMI a livello UE e Mediterraneo a livello bilaterale ed europeo.<br \/>Questi i temi sui quali le parti hanno deciso di portare avanti un percorso sinergico: energia e sviluppo sostenibile; nuove competenze per lo sviluppo sostenibile e la digitalizzazione su misura per le PMI; politiche di formazione e partenariato PMI area UE-Med Africa e Balcani Occidentali.<br \/>\u201cLa CNA lancia un segnale forte al Paese e soprattutto al nuovo governo che si insedier\u00e0 dopo le elezioni delle prossime ore \u2013 ha evidenziato il presidente di CNA, Dario Costantini -. Il patto di Taormina \u00e8 la dimostrazione che la CNA scende in campo per combattere la crisi e rilanciare il nostro Paese e per rafforzarci oltre i confini nazionali, nell\u2019ottica imprescindibile di politiche europee che, attraverso regole comuni e condivise, possono portare alla svolta da noi auspicata\u201d.<br \/>Veronique Willems, segretario generale di SmeUnited, ha chiesto \u201cun segnale forte dei governi europei per consentire alle piccole e medie imprese di affrontare i rincari dell\u2019energia\u201d. \u201cCon questo Patto portiamo avanti in Europa i valori che ci accomunano\u201d, afferma Domenique Anract, presidente di U2P-Francia, mentre per Paul Abela, presidente di Sme Chambers (Malta), \u201cil Patto di Taormina \u00e8 un punto di partenza positivo per fare fronte comune in Europa\u201d. Antoni Canete, presidente della Pimec (Spagna), ha sottolineato come \u201cl\u2019intesa arrivi in un momento molto particolare, con problemi che richiedono soluzioni comuni, dall\u2019energia alla formazione\u201d.<br \/>\u201cAbbiamo portato a Taormina oltre mille delegati ed \u00e8 stato un momento storico per noi, per la CNA nazionale e per la CNA siciliana \u2013 ha aggiunto Nello Battiato -. Le piccole e medie imprese sono pronte a fare la loro parte contro la crisi ma \u00e8 fondamentale che ci siano interventi per salvare le tante realt\u00e0 che non possono farsi carico del peso insostenibile del caro-energia e di bollette cos\u00ec pesanti come quelle che si stanno registrando\u201d.<div id=\"div-gpt-ad-Messinaoggi.it-DSK-300x250-corpoart\" style=\"text-align:center;margin:0 auto;\"><\/div><\/p>\n<p>\u2013 foto Italpress \u2013<div id=\"videoincontent\" style=\"clear:both\";><\/div><\/p>\n<p>(ITALPRESS).<\/p>\n<\/div>\n","protected":false},"excerpt":{"rendered":"<p>TAORMINA (MESSINA) (ITALPRESS) \u2013 La CNA, Confederazione nazionale dell\u2019artigianato e della piccola e media impresa, ha concluso la due giorni dell\u2019assemblea nazionale nella Perla dello Ionio con il \u201cPatto di Taormina\u201d, sancito con i delegati europei delle Piccole e Medie Imprese dell\u2019area euro-mediterranea. Al tavolo che ha portato all\u2019intesa strategica c\u2019erano Dario Costantini, presidente di [&hellip;]<\/p>\n","protected":false},"author":18,"featured_media":123153,"comment_status":"closed","ping_status":"closed","sticky":false,"template":"","format":"standard","meta":{"ub_ctt_via":"","_mi_skip_tracking":false},"categories":[2449],"tags":[783],"featured_image_src":"https:\/\/www.messinaoggi.it\/website\/wp-content\/uploads\/2022\/09\/20220924_1195.jpg","author_info":{"display_name":"Admin","author_link":"https:\/\/www.messinaoggi.it\/website\/author\/admin\/"},"digistream_id":0,"digistream":false,"_links":{"self":[{"href":"https:\/\/www.messinaoggi.it\/website\/wp-json\/wp\/v2\/posts\/123152"}],"collection":[{"href":"https:\/\/www.messinaoggi.it\/website\/wp-json\/wp\/v2\/posts"}],"about":[{"href":"https:\/\/www.messinaoggi.it\/website\/wp-json\/wp\/v2\/types\/post"}],"author":[{"embeddable":true,"href":"https:\/\/www.messinaoggi.it\/website\/wp-json\/wp\/v2\/users\/18"}],"replies":[{"embeddable":true,"href":"https:\/\/www.messinaoggi.it\/website\/wp-json\/wp\/v2\/comments?post=123152"}],"version-history":[{"count":0,"href":"https:\/\/www.messinaoggi.it\/website\/wp-json\/wp\/v2\/posts\/123152\/revisions"}],"wp:featuredmedia":[{"embeddable":true,"href":"https:\/\/www.messinaoggi.it\/website\/wp-json\/wp\/v2\/media\/123153"}],"wp:attachment":[{"href":"https:\/\/www.messinaoggi.it\/website\/wp-json\/wp\/v2\/media?parent=123152"}],"wp:term":[{"taxonomy":"category","embeddable":true,"href":"https:\/\/www.messinaoggi.it\/website\/wp-json\/wp\/v2\/categories?post=123152"},{"taxonomy":"post_tag","embeddable":true,"href":"https:\/\/www.messinaoggi.it\/website\/wp-json\/wp\/v2\/tags?post=123152"}],"curies":[{"name":"wp","href":"https:\/\/api.w.org\/{rel}","templated":true}]}}